{"id":469,"date":"2025-10-24T08:57:31","date_gmt":"2025-10-24T07:57:31","guid":{"rendered":"https:\/\/warszawa.ptnw.pl\/?p=469"},"modified":"2025-10-24T08:58:21","modified_gmt":"2025-10-24T07:58:21","slug":"zebranie-naukowe-6","status":"publish","type":"post","link":"http:\/\/warszawa.ptnw.pl\/?p=469","title":{"rendered":"Zebranie naukowe"},"content":{"rendered":"\n<p>Zebranie naukowe Polskiego Towarzystwa Nauk Weterynaryjnych (PTNW), Oddzia\u0142 w Warszawie, kt\u00f3re odby\u0142o si\u0119 we wtorek, 21 pa\u017adziernika 2025 r., w Instytucie Medycyny Weterynaryjnej, po\u015bwi\u0119cone by\u0142o zagadnieniom z zakresu zdrowia dzikich zwierz\u0105t.<\/p>\n\n\n\n<p><a><\/a>Wa\u017cnym punktem wczorajszego wydarzenia by\u0142o wyst\u0105pienie dr Blanki Or\u0142owskiej z Katedry Higieny \u017bywno\u015bci i Ochrony Zdrowia Publicznego, pt. \u201eMonitoring zdrowia wilk\u00f3w (Canis lupus)&#8221;.<\/p>\n\n\n\n<p>Monitoring ten jest niezb\u0119dny nie tylko z perspektywy ochrony gatunkowej wilka. Jest r\u00f3wnie\u017c \u017ar\u00f3d\u0142em cennych danych o wyst\u0119powaniu w badanej populacji i \u015brodowisku patogen\u00f3w potencjalnie gro\u017anych dla cz\u0142owieka i zwierz\u0105t domowych.<\/p>\n\n\n\n<p>Patrz\u0105c przez pryzmat koncepcji \u201eJedno Zdrowie&#8221; (One Health), wiedza o patogenach wyst\u0119puj\u0105cych w\u015br\u00f3d zwierz\u0105t wolno \u017cyj\u0105cych jest jednym z kluczowych element\u00f3w w planowaniu i podejmowaniu efektywnych dzia\u0142a\u0144 weterynaryjnych zmierzaj\u0105cych do ochrony zwierz\u0105t domowych i zachowania bezpiecze\u0144stwa publicznego.<\/p>\n\n\n\n<p>Zebranie poprowadzi\u0142 prof. dr hab. Krzysztof Anusz, Przewodnicz\u0105cy PTNW, Oddzia\u0142 w Warszawie oraz Kierownik Katedry Higieny \u017bywno\u015bci i Ochrony Zdrowia Publicznego.<\/p>\n\n\n\n<p>Zdj\u0119cie: \u017ar\u00f3d\u0142o w\u0142asne z elementami generowanymi przez AI.<\/p>\n\n\n\n<figure class=\"wp-block-image size-large\"><img loading=\"lazy\" decoding=\"async\" width=\"1024\" height=\"747\" src=\"http:\/\/warszawa.ptnw.pl\/wp-content\/uploads\/2025\/10\/Zdjecie-1024x747.png\" alt=\"\" class=\"wp-image-470\" srcset=\"http:\/\/warszawa.ptnw.pl\/wp-content\/uploads\/2025\/10\/Zdjecie-1024x747.png 1024w, http:\/\/warszawa.ptnw.pl\/wp-content\/uploads\/2025\/10\/Zdjecie-300x219.png 300w, http:\/\/warszawa.ptnw.pl\/wp-content\/uploads\/2025\/10\/Zdjecie-768x560.png 768w, http:\/\/warszawa.ptnw.pl\/wp-content\/uploads\/2025\/10\/Zdjecie-411x300.png 411w, http:\/\/warszawa.ptnw.pl\/wp-content\/uploads\/2025\/10\/Zdjecie.png 1184w\" sizes=\"auto, (max-width: 1024px) 100vw, 1024px\" \/><\/figure>\n","protected":false},"excerpt":{"rendered":"<p>Zebranie odby\u0142o si\u0119 21 pa\u017adziernika 2025 roku. <a href=\"http:\/\/warszawa.ptnw.pl\/?p=469\">Czytaj dalej <span class=\"meta-nav\">&rarr;<\/span><\/a><\/p>\n","protected":false},"author":2,"featured_media":470,"comment_status":"closed","ping_status":"open","sticky":true,"template":"","format":"standard","meta":{"footnotes":""},"categories":[1],"tags":[],"class_list":["post-469","post","type-post","status-publish","format-standard","has-post-thumbnail","hentry","category-uncategorized"],"_links":{"self":[{"href":"http:\/\/warszawa.ptnw.pl\/index.php?rest_route=\/wp\/v2\/posts\/469","targetHints":{"allow":["GET"]}}],"collection":[{"href":"http:\/\/warszawa.ptnw.pl\/index.php?rest_route=\/wp\/v2\/posts"}],"about":[{"href":"http:\/\/warszawa.ptnw.pl\/index.php?rest_route=\/wp\/v2\/types\/post"}],"author":[{"embeddable":true,"href":"http:\/\/warszawa.ptnw.pl\/index.php?rest_route=\/wp\/v2\/users\/2"}],"replies":[{"embeddable":true,"href":"http:\/\/warszawa.ptnw.pl\/index.php?rest_route=%2Fwp%2Fv2%2Fcomments&post=469"}],"version-history":[{"count":2,"href":"http:\/\/warszawa.ptnw.pl\/index.php?rest_route=\/wp\/v2\/posts\/469\/revisions"}],"predecessor-version":[{"id":472,"href":"http:\/\/warszawa.ptnw.pl\/index.php?rest_route=\/wp\/v2\/posts\/469\/revisions\/472"}],"wp:featuredmedia":[{"embeddable":true,"href":"http:\/\/warszawa.ptnw.pl\/index.php?rest_route=\/wp\/v2\/media\/470"}],"wp:attachment":[{"href":"http:\/\/warszawa.ptnw.pl\/index.php?rest_route=%2Fwp%2Fv2%2Fmedia&parent=469"}],"wp:term":[{"taxonomy":"category","embeddable":true,"href":"http:\/\/warszawa.ptnw.pl\/index.php?rest_route=%2Fwp%2Fv2%2Fcategories&post=469"},{"taxonomy":"post_tag","embeddable":true,"href":"http:\/\/warszawa.ptnw.pl\/index.php?rest_route=%2Fwp%2Fv2%2Ftags&post=469"}],"curies":[{"name":"wp","href":"https:\/\/api.w.org\/{rel}","templated":true}]}}