{"id":441,"date":"2025-04-17T07:16:32","date_gmt":"2025-04-17T06:16:32","guid":{"rendered":"http:\/\/warszawa.ptnw.pl\/?p=441"},"modified":"2025-04-17T07:16:32","modified_gmt":"2025-04-17T06:16:32","slug":"weterynaria-agresor-czy-obronca-goraca-dyskusja-w-lodzi","status":"publish","type":"post","link":"http:\/\/warszawa.ptnw.pl\/?p=441","title":{"rendered":"Weterynaria \u2013 agresor czy obro\u0144ca? Gor\u0105ca dyskusja w \u0141odzi"},"content":{"rendered":"<p>W sobot\u0119, 12 kwietnia 2025 roku, w \u0141odzi odby\u0142a si\u0119 sesja naukowa po\u015bwi\u0119cona zagadnieniu: &#8222;Weterynaria \u2013 agresor czy obro\u0144ca \u015brodowiska?&#8221;. To wa\u017cne wydarzenie zosta\u0142o zorganizowane z inicjatywy Katedry Higieny \u017bywno\u015bci i Ochrony Zdrowia Publicznego (Instytut Medycyny Weterynaryjnej, SGGW w Warszawie), Warszawskiej Izby Lekarsko-Weterynaryjnej, Krajowej Izby Lekarsko-Weterynaryjnej oraz Polskiego Towarzystwa Nauk Weterynaryjnych, Oddzia\u0142 w Warszawie.<\/p>\n<p>Sesja stanowi\u0142a integraln\u0105 cz\u0119\u015b\u0107 Kongresu \u201eWsp\u00f3\u0142czesna Weterynaria\u201d oraz Targ\u00f3w Medycyny Weterynaryjnej \u201eVet-Expo\u201d. To coroczne wydarzenie zgromadzi\u0142o szerokie spektrum uczestnik\u00f3w, w tym lekarzy weterynarii, producent\u00f3w innowacyjnego sprz\u0119tu medycznego i farmaceutyk\u00f3w, przedstawicieli \u015brodowisk naukowych oraz mi\u0142o\u015bnik\u00f3w zwierz\u0105t. Honorowy patronat nad wydarzeniem obj\u0105\u0142 G\u0142\u00f3wny Lekarz Weterynarii.<\/p>\n<p>W sesji naukowej &#8222;Weterynaria \u2013 agresor czy obro\u0144ca \u015brodowiska?&#8221; uczestniczy\u0142o ponad 120 os\u00f3b, w tym cenieni lekarze weterynarii i pracownicy inspekcji weterynaryjnej, eksperci z Pa\u0144stwowego Instytutu Weterynaryjnego-Pa\u0144stwowego Instytutu Badawczego w Pu\u0142awach, przedstawiciele Regionalnych Dyrekcji Ochrony \u015arodowiska, Regionalnych Dyrekcji Las\u00f3w Pa\u0144stwowych, organizacji proekologicznych oraz wybitni prelegenci z kraju i zagranicy.<\/p>\n<p>Wysoki poziom merytoryczny przedstawionych referat\u00f3w oraz interdyscyplinarna formu\u0142a sesji spotka\u0142y si\u0119 z du\u017cym uznaniem uczestnik\u00f3w, kt\u00f3rzy jednog\u0142o\u015bnie podkre\u015blali jej praktyczny wymiar i znacz\u0105c\u0105 warto\u015b\u0107 edukacyjn\u0105.<\/p>\n<p>Uroczystego otwarcia Kongresu dokonali: lek. wet. Marek Mastalerek \u2013 Prezes Krajowej i Warszawskiej Izby Lekarsko-Weterynaryjnej oraz lek. wet. Tadeusz Domarecki \u2013 Prezes \u0141\u00f3dzkiej Izby Lekarsko-Weterynaryjnej. Swoj\u0105 obecno\u015bci\u0105 zaszczyci\u0142 r\u00f3wnie\u017c Wiceprezydent Miasta \u0141odzi \u2013 Pan Adam Wieczorek.<\/p>\n<p><img loading=\"lazy\" decoding=\"async\" class=\"aligncenter size-large wp-image-445\" src=\"http:\/\/warszawa.ptnw.pl\/wp-content\/uploads\/2025\/04\/1-1024x683.jpg\" alt=\"\" width=\"584\" height=\"390\" srcset=\"http:\/\/warszawa.ptnw.pl\/wp-content\/uploads\/2025\/04\/1-1024x683.jpg 1024w, http:\/\/warszawa.ptnw.pl\/wp-content\/uploads\/2025\/04\/1-300x200.jpg 300w, http:\/\/warszawa.ptnw.pl\/wp-content\/uploads\/2025\/04\/1-768x512.jpg 768w, http:\/\/warszawa.ptnw.pl\/wp-content\/uploads\/2025\/04\/1-450x300.jpg 450w, http:\/\/warszawa.ptnw.pl\/wp-content\/uploads\/2025\/04\/1.jpg 1500w\" sizes=\"auto, (max-width: 584px) 100vw, 584px\" \/><\/p>\n<p>Zdj\u0119cie (od lewej): lek. wet. Tadeusz Domarecki, lek. wet. Marek Mastalerek. \u0179r\u00f3d\u0142o: ProCreo Piotr \u0141uczka<\/p>\n<p>Szczeg\u00f3lnym momentem Kongresu by\u0142o wr\u0119czenie przez Prezesa Krajowej oraz Warszawskiej Izby Lekarsko-Weterynaryjnej, Pana Marka Mastalerka, Honorowej Nagrody Z\u0142otego Chirona prof. dr. hab. dr. h.c. Tomaszowi Janowskiemu. To wyj\u0105tkowe wyr\u00f3\u017cnienie stanowi wyraz uznania za wybitne zas\u0142ugi w propagowaniu osi\u0105gni\u0119\u0107 medycyny weterynaryjnej oraz znacz\u0105cy wk\u0142ad w podnoszenie kwalifikacji zawodowych lekarzy weterynarii.<\/p>\n<p><img loading=\"lazy\" decoding=\"async\" class=\"aligncenter size-large wp-image-442\" src=\"http:\/\/warszawa.ptnw.pl\/wp-content\/uploads\/2025\/04\/2-1024x758.jpg\" alt=\"\" width=\"584\" height=\"432\" srcset=\"http:\/\/warszawa.ptnw.pl\/wp-content\/uploads\/2025\/04\/2-1024x758.jpg 1024w, http:\/\/warszawa.ptnw.pl\/wp-content\/uploads\/2025\/04\/2-300x222.jpg 300w, http:\/\/warszawa.ptnw.pl\/wp-content\/uploads\/2025\/04\/2-768x568.jpg 768w, http:\/\/warszawa.ptnw.pl\/wp-content\/uploads\/2025\/04\/2-405x300.jpg 405w, http:\/\/warszawa.ptnw.pl\/wp-content\/uploads\/2025\/04\/2.jpg 1500w\" sizes=\"auto, (max-width: 584px) 100vw, 584px\" \/><\/p>\n<p>Zdj\u0119cie (od lewej): prof. dr hab. dr h.c. Tomasz Janowski, lek. wet. Tadeusz Domarecki,<br \/>\nlek. wet. Marek Mastalerek. \u0179r\u00f3d\u0142o: ProCreo Piotr \u0141uczka<\/p>\n<p>Podczas wydarzenia uhonorowano r\u00f3wnie\u017c prof. dr. hab. Krzysztofa Anusza \u2013 Przewodnicz\u0105cego Polskiego Towarzystwa Nauk Weterynaryjnych, Oddzia\u0142 w Warszawie oraz Kierownika Katedry Higieny \u017bywno\u015bci i Ochrony Zdrowia Publicznego (Instytut Medycyny Weterynaryjnej, SGGW w Warszawie), wr\u0119czaj\u0105c nagrod\u0119 za wieloletnie zaanga\u017cowanie na rzecz Samorz\u0105du Lekarsko-Weterynaryjnego.<\/p>\n<p><img loading=\"lazy\" decoding=\"async\" class=\"aligncenter size-large wp-image-443\" src=\"http:\/\/warszawa.ptnw.pl\/wp-content\/uploads\/2025\/04\/3-1024x683.jpg\" alt=\"\" width=\"584\" height=\"390\" srcset=\"http:\/\/warszawa.ptnw.pl\/wp-content\/uploads\/2025\/04\/3-1024x683.jpg 1024w, http:\/\/warszawa.ptnw.pl\/wp-content\/uploads\/2025\/04\/3-300x200.jpg 300w, http:\/\/warszawa.ptnw.pl\/wp-content\/uploads\/2025\/04\/3-768x512.jpg 768w, http:\/\/warszawa.ptnw.pl\/wp-content\/uploads\/2025\/04\/3-450x300.jpg 450w, http:\/\/warszawa.ptnw.pl\/wp-content\/uploads\/2025\/04\/3.jpg 1500w\" sizes=\"auto, (max-width: 584px) 100vw, 584px\" \/><\/p>\n<p>Zdj\u0119cie (z lewej): prof. dr hab. Krzysztof Anusz oraz lek. wet. Tadeusz Domarecki.<br \/>\n\u0179r\u00f3d\u0142o: ProCreo Piotr \u0141uczka<\/p>\n<p>Sesj\u0119 naukow\u0105 zainaugurowa\u0142 i moderowa\u0142 Profesor Krzysztof Anusz.<\/p>\n<p>Uczestnicy mieli okazj\u0119 wys\u0142ucha\u0107 pi\u0119tnastu inspiruj\u0105cych referat\u00f3w naukowych, kt\u00f3re obejmowa\u0142y nast\u0119puj\u0105ce tematy:<\/p>\n<ul>\n<li><strong>Aktualna sytuacja i zagro\u017cenie dla Europy chorob\u0105 niebieskiego j\u0119zyka, afryka\u0144skim pomorem koni i krwotoczn\u0105 chorob\u0105 zwierzyny p\u0142owej<\/strong> \u2013 St\u00e9phan Zientara, Dyrektor ANSES ds. zdrowia zwierz\u0105t (Francuska Agencja ds. \u017bywno\u015bci, \u015arodowiska i Bezpiecze\u0144stwa i Higieny Pracy)<\/li>\n<li><strong>Zagro\u017cenie pryszczyc\u0105<\/strong> \u2013 dr Katarzyna Wawrzak, Dyrektor Biura Zdrowia i Ochrony Zwierz\u0105t, G\u0142\u00f3wny Inspektorat Weterynarii<\/li>\n<li><strong>Weterynaryjna ochrona \u015brodowiska \u2013 wyzwanie dla edukacji<\/strong> \u2013 dr Micha\u0142 Tracz, Katedra Higieny \u017bywno\u015bci i Ochrony Zdrowia Publicznego, Instytut Medycyny Weterynaryjnej, SGGW w Warszawie<\/li>\n<li><strong>Zmiany klimatyczne a medycyna weterynaryjna<\/strong> \u2013 dr Joanna Zarzy\u0144ska, Katedra Higieny \u017bywno\u015bci i Ochrony Zdrowia Publicznego, Instytut Medycyny Weterynaryjnej, SGGW w Warszawie<\/li>\n<li><strong>Po co wilkowi (<em>Canis lupus<\/em>) lekarz weterynarii?<\/strong> \u2013 dr Blanka Or\u0142owska, Katedra Higieny \u017bywno\u015bci i Ochrony Zdrowia Publicznego, Instytut Medycyny Weterynaryjnej, SGGW w Warszawie<\/li>\n<li><strong>Nowoczesne technologie w badaniach nad dzikimi zwierz\u0119tami \u2013 zastosowanie w medycynie weterynaryjnej<\/strong> \u2013 dr hab. Daniel Klich, prof. SGGW; mgr Ludwik Purski; mgr Michalina Gmaj, Instytut Nauk o Zwierz\u0119tach, SGGW w Warszawie; GIGACO Sp. z o.o. w Warszawie<\/li>\n<li><strong>Nieinwazyjne pobieranie pr\u00f3bek od zwierz\u0105t wolno \u017cyj\u0105cych \u2013 wyniki bada\u0144 wybranych gatunk\u00f3w<\/strong> \u2013 dr Anna Didkowska, Katedra Higieny \u017bywno\u015bci i Ochrony Zdrowia Publicznego, Instytut Medycyny Weterynaryjnej, SGGW w Warszawie<\/li>\n<li><strong>Patrz\u0105c w przysz\u0142o\u015b\u0107 &#8211; monitoring zdrowia populacji \u0142osia (<em>Alces alces<\/em>) w Polsce a kwestia ochrony gatunku<\/strong> \u2013 dr Katarzyna Filip-Hutsch, Katedra Higieny \u017bywno\u015bci i Ochrony Zdrowia Publicznego, Instytut Medycyny Weterynaryjnej, SGGW w Warszawie<\/li>\n<li><strong>Rola Pa\u0144stwowego Instytutu Weterynaryjnego \u2013 Pa\u0144stwowego Instytutu Badawczego w monitorowaniu zaka\u017anych i niezaka\u017anych zagro\u017ce\u0144 \u015brodowiskowych<\/strong> \u2013 prof. dr hab. Stanis\u0142aw Winiarczyk, Dyrektor Pa\u0144stwowego Instytutu Weterynaryjnego \u2013 Pa\u0144stwowego Instytutu Badawczego w Pu\u0142awach<\/li>\n<li><strong>Rola lekarza weterynarii w zapewnieniu bezpiecze\u0144stwa \u015brodowiska produkcyjnego \u0142a\u0144cucha rolno-spo\u017cywczego<\/strong> \u2013 prof. dr hab. Krzysztof Kwiatek, Dzia\u0142 Bada\u0144 Mikrobiologicznych \u017bywno\u015bci i Pasz, Pa\u0144stwowy Instytut Weterynaryjny \u2013 Pa\u0144stwowy Instytut Badawczy w Pu\u0142awach<\/li>\n<li><strong>Czy w produkcji kurczak\u00f3w stosuje si\u0119 hormony? Fakty i mity o zanieczyszczeniu \u017cywno\u015bci i \u015brodowiska zwi\u0105zkami chemicznymi<\/strong> \u2013 prof. dr hab. Piotr Jedziniak, Dzia\u0142 Bada\u0144 Chemicznych \u017bywno\u015bci i Pasz, Pa\u0144stwowy Instytut Weterynaryjny \u2013 Pa\u0144stwowy Instytut Badawczy w Pu\u0142awach<\/li>\n<li><strong>Zjawisko antybiotykooporno\u015bci w podej\u015bciu \u201eJedno Zdrowie\u201d<\/strong> \u2013 prof. dr hab. Dariusz Wasyl, Dzia\u0142 Bakteriologii i Chor\u00f3b Bakteryjnych Zwierz\u0105t, Pa\u0144stwowy Instytut Weterynaryjny \u2013 Pa\u0144stwowy Instytut Badawczy w Pu\u0142awach<\/li>\n<li><strong>Rehabilitacja dzikich zwierz\u0105t \u2013 ochrona przyrody czy bambinizm? Mi\u0119dzy rzeczywisto\u015bci\u0105 a iluzj\u0105 pomocy<\/strong> \u2013 lek. wet. Wojciech W\u00f3jcik, Prezes Fundacji \u201eDziki Projekt\u201d<\/li>\n<li><strong>Wp\u0142yw grypy ptak\u00f3w na ekosystemy i r\u00f3\u017cnorodno\u015b\u0107 biologiczn\u0105<\/strong> \u2013 prof. dr hab. Krzysztof \u015amietanka, Dzia\u0142 Wirusologii i Chor\u00f3b Wirusowych Zwierz\u0105t, Pa\u0144stwowy Instytut Weterynaryjny \u2013 Pa\u0144stwowy Instytut Badawczy w Pu\u0142awach<\/li>\n<li><strong>Medycyna weterynaryjna w ogrodach zoologicznych w ochronie zwierz\u0105t i \u015brodowiska<\/strong> \u2013 dr Miros\u0142aw Kalicki, Gda\u0144ski Ogr\u00f3d Zoologiczny.<\/li>\n<\/ul>\n<p>&nbsp;<\/p>\n<p>Uczestnicy sesji mieli okazj\u0119 wys\u0142ucha\u0107 tak\u017ce przedstawiciela firmy Neogen ze Stan\u00f3w Zjednoczonych, kt\u00f3ry przybli\u017cy\u0142 rozwi\u0105zania w zakresie bioasekuracji.<\/p>\n<p>W\u00a0 ramach sesji odby\u0142a si\u0119 r\u00f3wnie\u017c prezentacja poruszaj\u0105cego filmu dokumentalnego &#8222;Restytucja \u017cubra w Bieszczadach&#8221;, autorstwa lek. wet. Katarzyny Zabiegi z Fundacji \u201eBieszczadziki\u201d oraz Janusza Duszkiewicza i Marka Pasiniewicza z Nadle\u015bnictwa Koma\u0144cza.<\/p>\n<p>Tegoroczny Kongres \u201eWsp\u00f3\u0142czesna Weterynaria\u201d oraz Targi Medycyny Weterynaryjnej \u201eVet-Expo\u201d stanowi\u0142y bezcenn\u0105 platform\u0119 wymiany wiedzy i do\u015bwiadcze\u0144 oraz nawi\u0105zywania kontakt\u00f3w dla specjalist\u00f3w z bran\u017cy weterynaryjnej. By\u0142y tak\u017ce istotnym forum promocji innowacyjnych rozwi\u0105za\u0144 i najnowszych technologii dedykowanych opiece nad zwierz\u0119tami.<\/p>\n<p><img loading=\"lazy\" decoding=\"async\" class=\"aligncenter size-large wp-image-444\" src=\"http:\/\/warszawa.ptnw.pl\/wp-content\/uploads\/2025\/04\/4-771x1024.jpg\" alt=\"\" width=\"584\" height=\"776\" srcset=\"http:\/\/warszawa.ptnw.pl\/wp-content\/uploads\/2025\/04\/4-771x1024.jpg 771w, http:\/\/warszawa.ptnw.pl\/wp-content\/uploads\/2025\/04\/4-226x300.jpg 226w, http:\/\/warszawa.ptnw.pl\/wp-content\/uploads\/2025\/04\/4-768x1020.jpg 768w, http:\/\/warszawa.ptnw.pl\/wp-content\/uploads\/2025\/04\/4.jpg 1542w\" sizes=\"auto, (max-width: 584px) 100vw, 584px\" \/><\/p>\n<p>\u0179r\u00f3d\u0142o: Krajowa Izba Lekarsko-Weterynaryjna<\/p>\n","protected":false},"excerpt":{"rendered":"<p>W sobot\u0119, 12 kwietnia 2025 roku, w \u0141odzi odby\u0142a si\u0119 sesja naukowa po\u015bwi\u0119cona zagadnieniu: &#8222;Weterynaria \u2013 agresor czy obro\u0144ca \u015brodowiska?&#8221;. To wa\u017cne wydarzenie zosta\u0142o zorganizowane z inicjatywy Katedry Higieny \u017bywno\u015bci i Ochrony Zdrowia Publicznego (Instytut Medycyny Weterynaryjnej, SGGW w Warszawie), &hellip; <a href=\"http:\/\/warszawa.ptnw.pl\/?p=441\">Czytaj dalej <span class=\"meta-nav\">&rarr;<\/span><\/a><\/p>\n","protected":false},"author":2,"featured_media":0,"comment_status":"closed","ping_status":"open","sticky":true,"template":"","format":"standard","meta":{"footnotes":""},"categories":[1],"tags":[],"class_list":["post-441","post","type-post","status-publish","format-standard","hentry","category-uncategorized"],"_links":{"self":[{"href":"http:\/\/warszawa.ptnw.pl\/index.php?rest_route=\/wp\/v2\/posts\/441","targetHints":{"allow":["GET"]}}],"collection":[{"href":"http:\/\/warszawa.ptnw.pl\/index.php?rest_route=\/wp\/v2\/posts"}],"about":[{"href":"http:\/\/warszawa.ptnw.pl\/index.php?rest_route=\/wp\/v2\/types\/post"}],"author":[{"embeddable":true,"href":"http:\/\/warszawa.ptnw.pl\/index.php?rest_route=\/wp\/v2\/users\/2"}],"replies":[{"embeddable":true,"href":"http:\/\/warszawa.ptnw.pl\/index.php?rest_route=%2Fwp%2Fv2%2Fcomments&post=441"}],"version-history":[{"count":1,"href":"http:\/\/warszawa.ptnw.pl\/index.php?rest_route=\/wp\/v2\/posts\/441\/revisions"}],"predecessor-version":[{"id":446,"href":"http:\/\/warszawa.ptnw.pl\/index.php?rest_route=\/wp\/v2\/posts\/441\/revisions\/446"}],"wp:attachment":[{"href":"http:\/\/warszawa.ptnw.pl\/index.php?rest_route=%2Fwp%2Fv2%2Fmedia&parent=441"}],"wp:term":[{"taxonomy":"category","embeddable":true,"href":"http:\/\/warszawa.ptnw.pl\/index.php?rest_route=%2Fwp%2Fv2%2Fcategories&post=441"},{"taxonomy":"post_tag","embeddable":true,"href":"http:\/\/warszawa.ptnw.pl\/index.php?rest_route=%2Fwp%2Fv2%2Ftags&post=441"}],"curies":[{"name":"wp","href":"https:\/\/api.w.org\/{rel}","templated":true}]}}