{"id":436,"date":"2025-02-28T12:09:24","date_gmt":"2025-02-28T11:09:24","guid":{"rendered":"http:\/\/warszawa.ptnw.pl\/?p=436"},"modified":"2025-02-28T12:09:24","modified_gmt":"2025-02-28T11:09:24","slug":"sesja-naukowa-weterynaria-agresor-czy-obronca-srodowiska","status":"publish","type":"post","link":"http:\/\/warszawa.ptnw.pl\/?p=436","title":{"rendered":"Sesja naukowa &#8211; Weterynaria &#8211; agresor\u00a0czy obro\u0144ca \u015brodowiska?"},"content":{"rendered":"<div class=\"x_elementToProof\"><i data-olk-copy-source=\"MessageBody\">Szanowni Pa\u0144stwo,<\/i><\/div>\n<div class=\"x_elementToProof\" aria-hidden=\"true\"><\/div>\n<div class=\"x_elementToProof\">W sobot\u0119\u00a0<b>12 kwietnia 2025 r.<\/b>,<b>\u00a0<\/b>w Hali Expo-\u0141\u00f3d\u017a, Al. Politechniki 4, w ramach kolejnej edycji Kongresu Medycyny Weterynaryjnej &#8222;Wsp\u00f3\u0142czesna Weterynaria&#8221; i Targ\u00f3w Weterynaryjnych Vet-Expo odb\u0119dzie si\u0119\u00a0<b>Sesja naukowa pn.\u00a0<i>Weterynaria &#8211; agresor\u00a0czy obro\u0144ca \u015brodowiska?<\/i><\/b><\/div>\n<div class=\"x_elementToProof\" aria-hidden=\"true\"><\/div>\n<div class=\"x_elementToProof\"><b>Organizatorami Sesji\u00a0<\/b>s\u0105:<\/div>\n<ul>\n<li>Katedra Higieny \u017bywno\u015bci i Ochrony Zdrowia Publicznego, Instytut Medycyny Weterynaryjnej, SGGW w Warszawie;<\/li>\n<li>Warszawska Izba Lekarsko \u2013 Weterynaryjna;<\/li>\n<li>Krajowa Izba Lekarsko<b>\u00a0<\/b>\u2013 Weterynaryjna;<\/li>\n<li>Polskie Towarzystwo Nauk Weterynaryjnych, Oddzia\u0142 w Warszawie.<\/li>\n<\/ul>\n<div class=\"x_elementToProof\">W Sesji wezm\u0105 udzia\u0142 m.in. lekarze i pracownicy inspekcji weterynaryjnej, pracownicy Pa\u0144stwowego Instytutu Weterynaryjnego &#8211; Pa\u0144stwowego Instytutu Badawczego w Pu\u0142awach, przedstawiciele Regionalnych Dyrekcji Ochrony \u015arodowiska, Regionalnych Dyrekcji Las\u00f3w Pa\u0144stwowych oraz organizacji proekologicznych.<\/div>\n<div class=\"x_elementToProof\">Wyk\u0142adowcami b\u0119d\u0105 uznani specjali\u015bci i do\u015bwiadczeni praktycy.<\/div>\n<div class=\"x_elementToProof\" aria-hidden=\"true\"><\/div>\n<div class=\"x_elementToProof\"><b>Programu Kongresu<\/b>\u00a0dost\u0119pny jest na stronie internetowej:\u00a0<u><a id=\"OWAd47b29cf-7ea2-e345-93d2-179c761d0457\" class=\"x_x_OWAAutoLink\" title=\"https:\/\/vet-expo2025.syskonf.pl\/Program-Kongresu\" href=\"https:\/\/vet-expo2025.syskonf.pl\/Program-Kongresu\" target=\"_blank\" rel=\"noopener noreferrer\" data-linkindex=\"0\" data-auth=\"NotApplicable\">https:\/\/vet-expo2025.syskonf.pl\/Program-Kongresu<\/a><\/u><\/div>\n<div class=\"x_elementToProof\"><u>\u00a0<\/u><\/div>\n<div class=\"x_elementToProof\"><b>Rejestracja (zako\u0144czenie rejestracji 05.04.2025)<\/b>\u00a0mo\u017cliwa jest pod adresem:<u>\u00a0<\/u><u><a id=\"OWAaee5d4db-2981-68a4-a8f3-f012d5ef7b47\" class=\"x_x_OWAAutoLink\" title=\"https:\/\/vet-expo2025.syskonf.pl\/rejestracja\" href=\"https:\/\/vet-expo2025.syskonf.pl\/rejestracja\" target=\"_blank\" rel=\"noopener noreferrer\" data-linkindex=\"1\" data-auth=\"NotApplicable\">https:\/\/vet-expo2025.syskonf.pl\/rejestracja<\/a><\/u><\/div>\n<div class=\"x_elementToProof\"><\/div>\n<div class=\"x_elementToProof\">Do zobaczenia w \u0141odzi!<\/div>\n<div class=\"x_elementToProof\"><\/div>\n<div><img loading=\"lazy\" decoding=\"async\" class=\"aligncenter size-full wp-image-437\" src=\"http:\/\/warszawa.ptnw.pl\/wp-content\/uploads\/2025\/02\/Plakat1.jpg\" alt=\"\" width=\"741\" height=\"832\" srcset=\"http:\/\/warszawa.ptnw.pl\/wp-content\/uploads\/2025\/02\/Plakat1.jpg 741w, http:\/\/warszawa.ptnw.pl\/wp-content\/uploads\/2025\/02\/Plakat1-267x300.jpg 267w\" sizes=\"auto, (max-width: 741px) 100vw, 741px\" \/><\/div>\n","protected":false},"excerpt":{"rendered":"<p>Szanowni Pa\u0144stwo, W sobot\u0119\u00a012 kwietnia 2025 r.,\u00a0w Hali Expo-\u0141\u00f3d\u017a, Al. Politechniki 4, w ramach kolejnej edycji Kongresu Medycyny Weterynaryjnej &#8222;Wsp\u00f3\u0142czesna Weterynaria&#8221; i Targ\u00f3w Weterynaryjnych Vet-Expo odb\u0119dzie si\u0119\u00a0Sesja naukowa pn.\u00a0Weterynaria &#8211; agresor\u00a0czy obro\u0144ca \u015brodowiska? Organizatorami Sesji\u00a0s\u0105: Katedra Higieny \u017bywno\u015bci i Ochrony &hellip; <a href=\"http:\/\/warszawa.ptnw.pl\/?p=436\">Czytaj dalej <span class=\"meta-nav\">&rarr;<\/span><\/a><\/p>\n","protected":false},"author":2,"featured_media":0,"comment_status":"closed","ping_status":"open","sticky":true,"template":"","format":"standard","meta":{"footnotes":""},"categories":[1],"tags":[],"class_list":["post-436","post","type-post","status-publish","format-standard","hentry","category-uncategorized"],"_links":{"self":[{"href":"http:\/\/warszawa.ptnw.pl\/index.php?rest_route=\/wp\/v2\/posts\/436","targetHints":{"allow":["GET"]}}],"collection":[{"href":"http:\/\/warszawa.ptnw.pl\/index.php?rest_route=\/wp\/v2\/posts"}],"about":[{"href":"http:\/\/warszawa.ptnw.pl\/index.php?rest_route=\/wp\/v2\/types\/post"}],"author":[{"embeddable":true,"href":"http:\/\/warszawa.ptnw.pl\/index.php?rest_route=\/wp\/v2\/users\/2"}],"replies":[{"embeddable":true,"href":"http:\/\/warszawa.ptnw.pl\/index.php?rest_route=%2Fwp%2Fv2%2Fcomments&post=436"}],"version-history":[{"count":1,"href":"http:\/\/warszawa.ptnw.pl\/index.php?rest_route=\/wp\/v2\/posts\/436\/revisions"}],"predecessor-version":[{"id":438,"href":"http:\/\/warszawa.ptnw.pl\/index.php?rest_route=\/wp\/v2\/posts\/436\/revisions\/438"}],"wp:attachment":[{"href":"http:\/\/warszawa.ptnw.pl\/index.php?rest_route=%2Fwp%2Fv2%2Fmedia&parent=436"}],"wp:term":[{"taxonomy":"category","embeddable":true,"href":"http:\/\/warszawa.ptnw.pl\/index.php?rest_route=%2Fwp%2Fv2%2Fcategories&post=436"},{"taxonomy":"post_tag","embeddable":true,"href":"http:\/\/warszawa.ptnw.pl\/index.php?rest_route=%2Fwp%2Fv2%2Ftags&post=436"}],"curies":[{"name":"wp","href":"https:\/\/api.w.org\/{rel}","templated":true}]}}