{"id":400,"date":"2024-04-24T13:48:17","date_gmt":"2024-04-24T12:48:17","guid":{"rendered":"http:\/\/warszawa.ptnw.pl\/?p=400"},"modified":"2024-04-24T13:48:17","modified_gmt":"2024-04-24T12:48:17","slug":"goraczka-q-i-towarzyszace-problemy-weterynaryjnej-ochrony-zdrowia-publicznego-relacja","status":"publish","type":"post","link":"http:\/\/warszawa.ptnw.pl\/?p=400","title":{"rendered":"Gor\u0105czka Q i towarzysz\u0105ce problemy weterynaryjnej ochrony zdrowia publicznego &#8211; relacja"},"content":{"rendered":"<div class=\"xdj266r x11i5rnm xat24cr x1mh8g0r x1vvkbs x126k92a\">\n<div dir=\"auto\">W sobot\u0119, 20 kwietnia 2024 r. odby\u0142a si\u0119 w \u0141odzi sesja naukowa pn. Gor\u0105czka Q i towarzysz\u0105ce problemy weterynaryjnej ochrony zdrowia publicznego, zorganizowana przez Katedr\u0119 Higieny \u017bywno\u015bci i Ochrony Zdrowia Publicznego Instytut Medycyny Weterynaryjnej, SGGW w Warszawie; Warszawsk\u0105 Izb\u0119 Lekarsko-Weterynaryjn\u0105 oraz Polskie Towarzystwo Nauk Weterynaryjnych, Oddzia\u0142 w Warszawie.<\/div>\n<\/div>\n<div class=\"x11i5rnm xat24cr x1mh8g0r x1vvkbs xtlvy1s x126k92a\">\n<div dir=\"auto\">Wydarzenie zrealizowano w ramach Kongresu Praktyki Weterynaryjnej \u201eWsp\u00f3\u0142czesna Weterynaria\u201d, kt\u00f3remu towarzyszy\u0142y Targi Medycyny Weterynaryjnej Vet-Expo.<\/div>\n<div dir=\"auto\">Patronat honorowy nad sesj\u0105 obj\u0105\u0142 G\u0142\u00f3wny Lekarz Weterynarii.<\/div>\n<div dir=\"auto\"><\/div>\n<div dir=\"auto\">Wsparcia udzieli\u0142y uznane na rynku weterynaryjnym firmy: ASF Bioasekuracja, Baldoor, Elanco, Saria, Lanxess, Zoetis, JHJ, Argenta oraz Ceva.<\/div>\n<\/div>\n<div class=\"x11i5rnm xat24cr x1mh8g0r x1vvkbs xtlvy1s x126k92a\">\n<div dir=\"auto\">W sesji naukowej wzi\u0119\u0142o udzia\u0142 blisko 100 uczestnik\u00f3w, w tym m.in.: przedstawiciele \u015brodowisk akademickich, jednostek badawczych oraz naukowo-badawczych, praktycy, cz\u0142onkowie Polskiego Towarzystwa Nauk Weterynaryjnych, Oddzia\u0142 w Warszawie, pracownicy inspekcji weterynaryjnej oraz prelegenci z kraju i zagranicy.<\/div>\n<\/div>\n<div class=\"x11i5rnm xat24cr x1mh8g0r x1vvkbs xtlvy1s x126k92a\">\n<div dir=\"auto\"><\/div>\n<div dir=\"auto\">Uroczystego otwarcia Kongresu dokonali lek. wet. Marek Mastalerek &#8211; Prezes Krajowej i Warszawskiej Izby Lekarsko-Weterynaryjnej oraz lek. wet. Tadeusz Domarecki &#8211; Prezes \u0141\u00f3dzkiej Izby Lekarsko-Weterynaryjnej.<\/div>\n<div dir=\"auto\">\u2013 Kontynuujemy zapocz\u0105tkowan\u0105 kilkana\u015bcie lat temu wsp\u00f3\u0142prac\u0119 mi\u0119dzy Izb\u0105 Warszawsk\u0105 oraz Izb\u0105 \u0141\u00f3dzk\u0105. Niestety mieli\u015bmy kilkuletni\u0105 przerw\u0119 zwi\u0105zan\u0105 z pandemi\u0105 Covid-19, kiedy organizowanie takich imprez masowych by\u0142o mocno utrudnione. Ale pokonali\u015bmy trudno\u015bci i wracamy na go\u015bcinn\u0105 ziemi\u0119 \u0142\u00f3dzk\u0105 z kongresem naukowym, szkoleniami i targami. Tak naprawd\u0119 rozpoczynamy na nowo i na pewno nie b\u0119dzie \u0142atwo. Ale tym bardziej chcia\u0142bym podzi\u0119kowa\u0107 uczestnikom i sponsorom za obdarzenie organizator\u00f3w zaufaniem. Postaramy si\u0119 przywr\u00f3ci\u0107 \u015bwietno\u015b\u0107 tej imprezy \u2013 powiedzia\u0142 podczas otwarcia Marek Mastalerek.<\/div>\n<\/div>\n<div class=\"x11i5rnm xat24cr x1mh8g0r x1vvkbs xtlvy1s x126k92a\">\n<div dir=\"auto\">Sesj\u0119 naukow\u0105 zainaugurowa\u0142 prof. dr hab. Krzysztof Anusz \u2013 Przewodnicz\u0105cy Polskiego Towarzystwa Nauk Weterynaryjnych, Oddzia\u0142 w Warszawie, Kierownik Katedry Higieny \u017bywno\u015bci i Ochrony Zdrowia Publicznego, Instytut Medycyny Weterynaryjnej, SGGW w Warszawie i jednocze\u015bnie moderator spotkania. Drug\u0105 osob\u0105 prowadz\u0105c\u0105 spotkanie by\u0142a dr Ma\u0142gorzata Bruczy\u0144ska \u2013 Powiatowy Lekarz Weterynarii w Piasecznie.<\/div>\n<\/div>\n<div class=\"x11i5rnm xat24cr x1mh8g0r x1vvkbs xtlvy1s x126k92a\">\n<div dir=\"auto\"><\/div>\n<div dir=\"auto\">W trzech panelach wyk\u0142adowych, wys\u0142uchano \u0142\u0105cznie o\u015bmiu referat\u00f3w naukowych:<\/div>\n<div dir=\"auto\">\uf0a7 Gor\u0105czka Q \u2013 waga problemu, prof. dr hab. Krzysztof Anusz;<\/div>\n<div dir=\"auto\">\uf0a7 Gor\u0105czka Q &#8211; zapomniana zoonoza, realny problem, dr hab. Monika Szyma\u0144ska-Czerwi\u0144ska, Profesor Instytutu, Zak\u0142ad Biotechnologii i Nutrigenomiki, Instytut Genetyki i Biotechnologii Zwierz\u0105t PAN, Jastrz\u0119biec;<\/div>\n<div dir=\"auto\">\uf0a7 Gor\u0105czka Q &#8211; prewalencja i prewencja, czyli jak rozs\u0105dnie zarz\u0105dza\u0107 problemem, prof. dr hab. Krzysztof Rypu\u0142a, Katedra Epizootiologii z Klinik\u0105 Ptak\u00f3w i Zwierz\u0105t Egzotycznych, Wydzia\u0142 Medycyny Weterynaryjnej, Uniwersytet Przyrodniczy we Wroc\u0142awiu;<\/div>\n<div dir=\"auto\">\uf0a7 Rozw\u00f3j i kontrola epidemii gor\u0105czki Q w Holandii; prof. Piet Vellema, DVM, PhD, Dip.ECSRHM, Holandia;<\/div>\n<div dir=\"auto\">\uf0a7 Kr\u00f3tko- i d\u0142ugofalowe skutki gor\u0105czki Q u ludzi. Prewalencja wyst\u0119powania gor\u0105czki Q u ludzi w Hiszpanii; lek. wet. Daniel Cifo Arcos, Instytut Zdrowia im. Karola III w Madrycie (Hiszpania);<\/div>\n<div dir=\"auto\">\uf0a7 Gor\u0105czka Q \u2013 monitorowanie i zwalczanie w prawie krajowym oraz europejskim Prawie o Zdrowiu Zwierz\u0105t; dr hab. Miros\u0142aw Welz, Podkarpacki Wojew\u00f3dzki Lekarz Weterynarii;<\/div>\n<div dir=\"auto\">\uf0a7 Strategie ograniczenia narastania lekooporno\u015bci bakterii; dr hab. Magdalena Rzewuska, prof. SGGW, Katedra Nauk Przedklinicznych, Instytut Medycyny Weterynaryjnej, SGGW w Warszawie;<\/div>\n<div dir=\"auto\">\uf0a7 R\u00f3\u017cne systemy monitorowania u\u017cycia antybiotyk\u00f3w u zwierz\u0105t fermowych w krajach europejskich, dr Piotr Kwieci\u0144ski, Wiceprezydent Europejskiej Federacji Lekarzy Weterynarii (Federation of Veterinarians of Europe \u2013 FVE).<\/div>\n<\/div>\n<div class=\"x11i5rnm xat24cr x1mh8g0r x1vvkbs xtlvy1s x126k92a\">\n<div dir=\"auto\"><\/div>\n<div dir=\"auto\">Mi\u0119dzy wyst\u0105pieniami prelegent\u00f3w g\u0142os zabrali przedstawiciele firm: p. Justyna Kuligowska z ASF Bioasekuracja &#8211; firmy, kt\u00f3ra oferuje szeroki wyb\u00f3r produkt\u00f3w dedykowanych bioasekuracji w rolnictwie; p. Cezary Paw\u0142owski z firmy Elanco, dzia\u0142aj\u0105cej w obszarze produkcji lek\u00f3w weterynaryjnych, dodatk\u00f3w paszowych oraz ochrony zdrowia zwierz\u0105t oraz p. Klaudia Zi\u0119ba z firmy Argenta maj\u0105cej w swojej ofercie kompleksowe i innowacyjne produkty dla diagnostyki mikrobiologicznej.<\/div>\n<\/div>\n<div class=\"x11i5rnm xat24cr x1mh8g0r x1vvkbs xtlvy1s x126k92a\">\n<div dir=\"auto\">Jednym z wa\u017cnych punkt\u00f3w sesji naukowej by\u0142 pokaz z zakresu bioasekuracji, zorganizowany i przeprowadzony na zewn\u0119trznym placu przez firm\u0119 ASF Bioasekuracja. W czasie trwaj\u0105cych ponad p\u00f3\u0142 godziny \u0107wicze\u0144, uczestnicy zostali zapoznani z zasadami bioasekuracji, rodzajami preparat\u00f3w dezynfekcyjnych, \u015brodkami ochrony indywidualnej, a tak\u017ce byli \u015bwiadkami prezentacji nowoczesnej dezynfekcji pojazd\u00f3w w ogniku choroby zaka\u017anej przy zastosowaniu m.in. mat dezynfekcyjnych przejazdowych, niecek oraz bram bioasekuracyjnych.<\/div>\n<\/div>\n<div class=\"x11i5rnm xat24cr x1mh8g0r x1vvkbs xtlvy1s x126k92a\">\n<div dir=\"auto\"><\/div>\n<div dir=\"auto\">Tegoroczny Kongres oraz Targi sta\u0142y si\u0119 znakomit\u0105 okazj\u0105 nie tylko do wymiany do\u015bwiadcze\u0144 i spotka\u0144 specjalist\u00f3w ze \u015brodowiska weterynaryjnego, ale r\u00f3wnie\u017c stanowi\u0142y istotny element promocji innowacyjnych rozwi\u0105za\u0144 i najnowszych technologii w zakresie opieki nad zwierz\u0119tami.<\/div>\n<div dir=\"auto\"><\/div>\n<\/div>\n<div class=\"x11i5rnm xat24cr x1mh8g0r x1vvkbs xtlvy1s x126k92a\">\n<div dir=\"auto\">Moderatorzy i koordynatorzy sesji naukowej: (od prawej) dr Joanna Zarzy\u0144ska, prof. dr hab. Krzysztof Anusz, mgr Magdalena Zaczek \u2013 Katedra Higieny \u017bywno\u015bci i Ochrony Zdrowia Publicznego IMW SGGW w Warszawie oraz dr Ma\u0142gorzata Bruczy\u0144ska \u2013 Powiatowy Lekarz Weterynarii w Piasecznie. Wsparciem s\u0142u\u017cy\u0142a tak\u017ce dr Kaja Urba\u0144ska z Katedry Nauk Morfologicznych IMW SGGW w Warszawie<\/div>\n<\/div>\n<div dir=\"auto\">\n\n\t\t<style type=\"text\/css\">\n\t\t\t#gallery-1 {\n\t\t\t\tmargin: auto;\n\t\t\t}\n\t\t\t#gallery-1 .gallery-item {\n\t\t\t\tfloat: left;\n\t\t\t\tmargin-top: 10px;\n\t\t\t\ttext-align: center;\n\t\t\t\twidth: 33%;\n\t\t\t}\n\t\t\t#gallery-1 img {\n\t\t\t\tborder: 2px solid #cfcfcf;\n\t\t\t}\n\t\t\t#gallery-1 .gallery-caption {\n\t\t\t\tmargin-left: 0;\n\t\t\t}\n\t\t\t\/* see gallery_shortcode() in wp-includes\/media.php *\/\n\t\t<\/style>\n\t\t<div id='gallery-1' class='gallery galleryid-400 gallery-columns-3 gallery-size-thumbnail'><dl class='gallery-item'>\n\t\t\t<dt class='gallery-icon portrait'>\n\t\t\t\t<a href='http:\/\/warszawa.ptnw.pl\/?attachment_id=401'><img loading=\"lazy\" decoding=\"async\" width=\"150\" height=\"150\" src=\"http:\/\/warszawa.ptnw.pl\/wp-content\/uploads\/2024\/04\/nr-1-150x150.jpg\" class=\"attachment-thumbnail size-thumbnail\" alt=\"\" \/><\/a>\n\t\t\t<\/dt><\/dl><dl class='gallery-item'>\n\t\t\t<dt class='gallery-icon landscape'>\n\t\t\t\t<a href='http:\/\/warszawa.ptnw.pl\/?attachment_id=402'><img loading=\"lazy\" decoding=\"async\" width=\"150\" height=\"150\" src=\"http:\/\/warszawa.ptnw.pl\/wp-content\/uploads\/2024\/04\/nr-2-150x150.jpg\" class=\"attachment-thumbnail size-thumbnail\" alt=\"\" \/><\/a>\n\t\t\t<\/dt><\/dl><dl class='gallery-item'>\n\t\t\t<dt class='gallery-icon portrait'>\n\t\t\t\t<a href='http:\/\/warszawa.ptnw.pl\/?attachment_id=403'><img loading=\"lazy\" decoding=\"async\" width=\"150\" height=\"150\" src=\"http:\/\/warszawa.ptnw.pl\/wp-content\/uploads\/2024\/04\/nr-3-150x150.jpg\" class=\"attachment-thumbnail size-thumbnail\" alt=\"\" \/><\/a>\n\t\t\t<\/dt><\/dl><br style=\"clear: both\" \/><dl class='gallery-item'>\n\t\t\t<dt class='gallery-icon landscape'>\n\t\t\t\t<a href='http:\/\/warszawa.ptnw.pl\/?attachment_id=404'><img loading=\"lazy\" decoding=\"async\" width=\"150\" height=\"150\" src=\"http:\/\/warszawa.ptnw.pl\/wp-content\/uploads\/2024\/04\/nr-4-150x150.jpg\" class=\"attachment-thumbnail size-thumbnail\" alt=\"\" \/><\/a>\n\t\t\t<\/dt><\/dl><dl class='gallery-item'>\n\t\t\t<dt class='gallery-icon portrait'>\n\t\t\t\t<a href='http:\/\/warszawa.ptnw.pl\/?attachment_id=405'><img loading=\"lazy\" decoding=\"async\" width=\"150\" height=\"150\" src=\"http:\/\/warszawa.ptnw.pl\/wp-content\/uploads\/2024\/04\/nr-5-150x150.jpg\" class=\"attachment-thumbnail size-thumbnail\" alt=\"\" \/><\/a>\n\t\t\t<\/dt><\/dl><dl class='gallery-item'>\n\t\t\t<dt class='gallery-icon portrait'>\n\t\t\t\t<a href='http:\/\/warszawa.ptnw.pl\/?attachment_id=406'><img loading=\"lazy\" decoding=\"async\" width=\"150\" height=\"150\" src=\"http:\/\/warszawa.ptnw.pl\/wp-content\/uploads\/2024\/04\/nr-6-150x150.jpg\" class=\"attachment-thumbnail size-thumbnail\" alt=\"\" \/><\/a>\n\t\t\t<\/dt><\/dl><br style=\"clear: both\" \/><dl class='gallery-item'>\n\t\t\t<dt class='gallery-icon portrait'>\n\t\t\t\t<a href='http:\/\/warszawa.ptnw.pl\/?attachment_id=407'><img loading=\"lazy\" decoding=\"async\" width=\"150\" height=\"150\" src=\"http:\/\/warszawa.ptnw.pl\/wp-content\/uploads\/2024\/04\/nr-7-150x150.jpg\" class=\"attachment-thumbnail size-thumbnail\" alt=\"\" \/><\/a>\n\t\t\t<\/dt><\/dl><dl class='gallery-item'>\n\t\t\t<dt class='gallery-icon portrait'>\n\t\t\t\t<a href='http:\/\/warszawa.ptnw.pl\/?attachment_id=408'><img loading=\"lazy\" decoding=\"async\" width=\"150\" height=\"150\" src=\"http:\/\/warszawa.ptnw.pl\/wp-content\/uploads\/2024\/04\/nr-8-150x150.jpg\" class=\"attachment-thumbnail size-thumbnail\" alt=\"\" \/><\/a>\n\t\t\t<\/dt><\/dl><dl class='gallery-item'>\n\t\t\t<dt class='gallery-icon portrait'>\n\t\t\t\t<a href='http:\/\/warszawa.ptnw.pl\/?attachment_id=409'><img loading=\"lazy\" decoding=\"async\" width=\"150\" height=\"150\" src=\"http:\/\/warszawa.ptnw.pl\/wp-content\/uploads\/2024\/04\/nr-9-150x150.jpg\" class=\"attachment-thumbnail size-thumbnail\" alt=\"\" \/><\/a>\n\t\t\t<\/dt><\/dl><br style=\"clear: both\" \/><dl class='gallery-item'>\n\t\t\t<dt class='gallery-icon portrait'>\n\t\t\t\t<a href='http:\/\/warszawa.ptnw.pl\/?attachment_id=410'><img loading=\"lazy\" decoding=\"async\" width=\"150\" height=\"150\" src=\"http:\/\/warszawa.ptnw.pl\/wp-content\/uploads\/2024\/04\/nr-10-150x150.jpg\" class=\"attachment-thumbnail size-thumbnail\" alt=\"\" \/><\/a>\n\t\t\t<\/dt><\/dl><dl class='gallery-item'>\n\t\t\t<dt class='gallery-icon landscape'>\n\t\t\t\t<a href='http:\/\/warszawa.ptnw.pl\/?attachment_id=411'><img loading=\"lazy\" decoding=\"async\" width=\"150\" height=\"150\" src=\"http:\/\/warszawa.ptnw.pl\/wp-content\/uploads\/2024\/04\/nr-11-150x150.jpg\" class=\"attachment-thumbnail size-thumbnail\" alt=\"\" \/><\/a>\n\t\t\t<\/dt><\/dl><dl class='gallery-item'>\n\t\t\t<dt class='gallery-icon landscape'>\n\t\t\t\t<a href='http:\/\/warszawa.ptnw.pl\/?attachment_id=412'><img loading=\"lazy\" decoding=\"async\" width=\"150\" height=\"150\" src=\"http:\/\/warszawa.ptnw.pl\/wp-content\/uploads\/2024\/04\/nr-12-150x150.jpg\" class=\"attachment-thumbnail size-thumbnail\" alt=\"\" \/><\/a>\n\t\t\t<\/dt><\/dl><br style=\"clear: both\" \/>\n\t\t<\/div>\n\n<\/div>\n","protected":false},"excerpt":{"rendered":"<p>W sobot\u0119, 20 kwietnia 2024 r. odby\u0142a si\u0119 w \u0141odzi sesja naukowa pn. Gor\u0105czka Q i towarzysz\u0105ce problemy weterynaryjnej ochrony zdrowia publicznego, zorganizowana przez Katedr\u0119 Higieny \u017bywno\u015bci i Ochrony Zdrowia Publicznego Instytut Medycyny Weterynaryjnej, SGGW w Warszawie; Warszawsk\u0105 Izb\u0119 Lekarsko-Weterynaryjn\u0105 &hellip; <a href=\"http:\/\/warszawa.ptnw.pl\/?p=400\">Czytaj dalej <span class=\"meta-nav\">&rarr;<\/span><\/a><\/p>\n","protected":false},"author":2,"featured_media":0,"comment_status":"closed","ping_status":"open","sticky":true,"template":"","format":"standard","meta":{"footnotes":""},"categories":[1],"tags":[],"class_list":["post-400","post","type-post","status-publish","format-standard","hentry","category-uncategorized"],"_links":{"self":[{"href":"http:\/\/warszawa.ptnw.pl\/index.php?rest_route=\/wp\/v2\/posts\/400","targetHints":{"allow":["GET"]}}],"collection":[{"href":"http:\/\/warszawa.ptnw.pl\/index.php?rest_route=\/wp\/v2\/posts"}],"about":[{"href":"http:\/\/warszawa.ptnw.pl\/index.php?rest_route=\/wp\/v2\/types\/post"}],"author":[{"embeddable":true,"href":"http:\/\/warszawa.ptnw.pl\/index.php?rest_route=\/wp\/v2\/users\/2"}],"replies":[{"embeddable":true,"href":"http:\/\/warszawa.ptnw.pl\/index.php?rest_route=%2Fwp%2Fv2%2Fcomments&post=400"}],"version-history":[{"count":1,"href":"http:\/\/warszawa.ptnw.pl\/index.php?rest_route=\/wp\/v2\/posts\/400\/revisions"}],"predecessor-version":[{"id":413,"href":"http:\/\/warszawa.ptnw.pl\/index.php?rest_route=\/wp\/v2\/posts\/400\/revisions\/413"}],"wp:attachment":[{"href":"http:\/\/warszawa.ptnw.pl\/index.php?rest_route=%2Fwp%2Fv2%2Fmedia&parent=400"}],"wp:term":[{"taxonomy":"category","embeddable":true,"href":"http:\/\/warszawa.ptnw.pl\/index.php?rest_route=%2Fwp%2Fv2%2Fcategories&post=400"},{"taxonomy":"post_tag","embeddable":true,"href":"http:\/\/warszawa.ptnw.pl\/index.php?rest_route=%2Fwp%2Fv2%2Ftags&post=400"}],"curies":[{"name":"wp","href":"https:\/\/api.w.org\/{rel}","templated":true}]}}