{"id":382,"date":"2024-03-22T00:14:48","date_gmt":"2024-03-21T23:14:48","guid":{"rendered":"http:\/\/warszawa.ptnw.pl\/?p=382"},"modified":"2024-03-22T00:14:48","modified_gmt":"2024-03-21T23:14:48","slug":"walne-zebranie-ptnw-oddzial-w-warszawie","status":"publish","type":"post","link":"http:\/\/warszawa.ptnw.pl\/?p=382","title":{"rendered":"Walne Zebranie PTNW Oddzia\u0142 w Warszawie"},"content":{"rendered":"<div class=\"x_elementToProof\">Szanowni Pa\u0144stwo,<\/div>\n<p class=\"x_elementToProof\">W zwi\u0105zku z rezygnacj\u0105 Cz\u0142onka Zarz\u0105du z cz\u0142onkostwa w Polskim Towarzystwie Nauk Weterynaryjnych, Zarz\u0105d Polskiego Towarzystwa Nauk Weterynaryjnych, Oddzia\u0142 w Warszawie<\/p>\n<p class=\"x_elementToProof\">zwo\u0142uje\u00a0<b>Walne Zebranie\u00a0<\/b>Cz\u0142onk\u00f3w Oddzia\u0142u,\u00a0na kt\u00f3rym odb\u0119d\u0105 si\u0119 wybory uzupe\u0142niaj\u0105ce Cz\u0142onka Zarz\u0105du Oddzia\u0142u.<\/p>\n<p class=\"x_elementToProof\">Odb\u0119dzie si\u0119 ono\u00a0<b>09.04.2024 r.<\/b>\u00a0(wtorek), o godz.\u00a0<b>10:00<\/b>, w sali Rady Dyscypliny, Instytutu Medycyny Weterynaryjnej Szko\u0142y G\u0142\u00f3wnej Gospodarstwa Wiejskiego w Warszawie (bud. nr 24 im. Prof. W. Bareja, I pi\u0119tro).<\/p>\n<p class=\"x_elementToProof\">Jednocze\u015bnie Zarz\u0105d informuje, \u017ce w tym samym dniu, bezpo\u015brednio po Walnym Zebraniu, odb\u0119dzie si\u0119 z<b>ebranie naukowe<\/b>.<\/p>\n<p class=\"x_elementToProof\"><u>Program Walnego Zebrania:<\/u><\/p>\n<ol start=\"1\" data-editing-info=\"{&quot;orderedStyleType&quot;:1,&quot;unorderedStyleType&quot;:1}\">\n<li>Sprawy bie\u017c\u0105ce Oddzia\u0142u.<\/li>\n<li>Wybory Cz\u0142onka Zarz\u0105du.<\/li>\n<li>\n<div class=\"x_elementToProof\">Wolne wnioski i dyskusja.<\/div>\n<\/li>\n<\/ol>\n<div class=\"x_elementToProof\"><b>W przypadku braku kworum, Walne Zebranie odb\u0119dzie si\u0119 w II terminie, w tym samym dniu i miejscu, o godz. 10:15<\/b>.<\/div>\n<p class=\"x_elementToProof\"><u>Program zebrania naukowego:<\/u><\/p>\n<ol start=\"1\" data-editing-info=\"{&quot;orderedStyleType&quot;:1,&quot;unorderedStyleType&quot;:1}\">\n<li>\n<div>Wyk\u0142ad Pana dr. Artura Jab\u0142o\u0144skiego (z Katedry Patologii i Diagnostyki Weterynaryjnej IMW SGGW w Warszawie) pt. \u201eAntybiotykooporno\u015b\u0107 bakterii zwierz\u0105t wolno \u017cyj\u0105cych\u201d.<\/div>\n<\/li>\n<li>\n<div class=\"x_elementToProof\">Dyskusja.<\/div>\n<\/li>\n<\/ol>\n<div class=\"x_elementToProof\">\u0141\u0105cz\u0119 wyrazy szacunku,<\/div>\n<div class=\"x_elementToProof\"><\/div>\n<div class=\"x_elementToProof\">Kaja Urba\u0144ska<\/div>\n<div class=\"x_elementToProof\">sekretarz<\/div>\n<div class=\"x_elementToProof\">PTNW, Oddzia\u0142 w Warszawie<\/div>\n<div>\n<div id=\"attachment_383\" style=\"width: 594px\" class=\"wp-caption aligncenter\"><img loading=\"lazy\" decoding=\"async\" aria-describedby=\"caption-attachment-383\" class=\"size-large wp-image-383\" src=\"http:\/\/warszawa.ptnw.pl\/wp-content\/uploads\/2024\/03\/PTNW-ZEBRANIE-WALNE-oraz-ZEBRANIE-NAUKOWE-2024-1-706x1024.jpg\" alt=\"\" width=\"584\" height=\"847\" srcset=\"http:\/\/warszawa.ptnw.pl\/wp-content\/uploads\/2024\/03\/PTNW-ZEBRANIE-WALNE-oraz-ZEBRANIE-NAUKOWE-2024-1-706x1024.jpg 706w, http:\/\/warszawa.ptnw.pl\/wp-content\/uploads\/2024\/03\/PTNW-ZEBRANIE-WALNE-oraz-ZEBRANIE-NAUKOWE-2024-1-207x300.jpg 207w, http:\/\/warszawa.ptnw.pl\/wp-content\/uploads\/2024\/03\/PTNW-ZEBRANIE-WALNE-oraz-ZEBRANIE-NAUKOWE-2024-1-768x1113.jpg 768w\" sizes=\"auto, (max-width: 584px) 100vw, 584px\" \/><p id=\"caption-attachment-383\" class=\"wp-caption-text\">Zeskanowane obrazy<\/p><\/div>\n<\/div>\n","protected":false},"excerpt":{"rendered":"<p>Szanowni Pa\u0144stwo, W zwi\u0105zku z rezygnacj\u0105 Cz\u0142onka Zarz\u0105du z cz\u0142onkostwa w Polskim Towarzystwie Nauk Weterynaryjnych, Zarz\u0105d Polskiego Towarzystwa Nauk Weterynaryjnych, Oddzia\u0142 w Warszawie zwo\u0142uje\u00a0Walne Zebranie\u00a0Cz\u0142onk\u00f3w Oddzia\u0142u,\u00a0na kt\u00f3rym odb\u0119d\u0105 si\u0119 wybory uzupe\u0142niaj\u0105ce Cz\u0142onka Zarz\u0105du Oddzia\u0142u. Odb\u0119dzie si\u0119 ono\u00a009.04.2024 r.\u00a0(wtorek), o godz.\u00a010:00, &hellip; <a href=\"http:\/\/warszawa.ptnw.pl\/?p=382\">Czytaj dalej <span class=\"meta-nav\">&rarr;<\/span><\/a><\/p>\n","protected":false},"author":2,"featured_media":0,"comment_status":"closed","ping_status":"open","sticky":true,"template":"","format":"standard","meta":{"footnotes":""},"categories":[1],"tags":[],"class_list":["post-382","post","type-post","status-publish","format-standard","hentry","category-uncategorized"],"_links":{"self":[{"href":"http:\/\/warszawa.ptnw.pl\/index.php?rest_route=\/wp\/v2\/posts\/382","targetHints":{"allow":["GET"]}}],"collection":[{"href":"http:\/\/warszawa.ptnw.pl\/index.php?rest_route=\/wp\/v2\/posts"}],"about":[{"href":"http:\/\/warszawa.ptnw.pl\/index.php?rest_route=\/wp\/v2\/types\/post"}],"author":[{"embeddable":true,"href":"http:\/\/warszawa.ptnw.pl\/index.php?rest_route=\/wp\/v2\/users\/2"}],"replies":[{"embeddable":true,"href":"http:\/\/warszawa.ptnw.pl\/index.php?rest_route=%2Fwp%2Fv2%2Fcomments&post=382"}],"version-history":[{"count":1,"href":"http:\/\/warszawa.ptnw.pl\/index.php?rest_route=\/wp\/v2\/posts\/382\/revisions"}],"predecessor-version":[{"id":384,"href":"http:\/\/warszawa.ptnw.pl\/index.php?rest_route=\/wp\/v2\/posts\/382\/revisions\/384"}],"wp:attachment":[{"href":"http:\/\/warszawa.ptnw.pl\/index.php?rest_route=%2Fwp%2Fv2%2Fmedia&parent=382"}],"wp:term":[{"taxonomy":"category","embeddable":true,"href":"http:\/\/warszawa.ptnw.pl\/index.php?rest_route=%2Fwp%2Fv2%2Fcategories&post=382"},{"taxonomy":"post_tag","embeddable":true,"href":"http:\/\/warszawa.ptnw.pl\/index.php?rest_route=%2Fwp%2Fv2%2Ftags&post=382"}],"curies":[{"name":"wp","href":"https:\/\/api.w.org\/{rel}","templated":true}]}}