{"id":378,"date":"2024-04-11T11:06:51","date_gmt":"2024-04-11T10:06:51","guid":{"rendered":"http:\/\/warszawa.ptnw.pl\/?p=378"},"modified":"2024-04-11T22:06:35","modified_gmt":"2024-04-11T21:06:35","slug":"sesja-naukowa-goraczka-q-i-towarzyszace-problemy-weterynaryjnej-ochrony-zdrowia-publicznego","status":"publish","type":"post","link":"http:\/\/warszawa.ptnw.pl\/?p=378","title":{"rendered":"Sesja naukowa &#8211; Gor\u0105czka Q i towarzysz\u0105ce problemy Weterynaryjnej Ochrony Zdrowia Publicznego"},"content":{"rendered":"<div class=\"x11i5rnm xat24cr x1mh8g0r x1vvkbs xtlvy1s x126k92a\">\n<div dir=\"auto\">Szanowni Pa\u0144stwo,<\/div>\n<div dir=\"auto\"><\/div>\n<div dir=\"auto\">Przypominamy o zbli\u017caj\u0105cych si\u0119 Targach Weterynaryjnych i Kongresie Medycyny Weterynaryjnej &#8222;Wsp\u00f3\u0142czesna Weterynaria&#8221;, kt\u00f3re odb\u0119d\u0105 si\u0119 w weekend 20 &#8211; 21 kwietnia br. w Hali Expo w \u0141odzi.<\/p>\n<p>W ramach wydarzenia gor\u0105co zach\u0119camy do udzia\u0142u w Sesji naukowej &#8222;Gor\u0105czka Q i towarzysz\u0105ce problemy Weterynaryjnej Ochrony Zdrowia Publicznego\u201d, w sobot\u0119 20 kwietnia.<\/p>\n<p>Organizatorami Sesji s\u0105: Katedra Higieny \u017bywno\u015bci i Ochrony Zdrowia Publicznego, Instytut Medycyny Weterynaryjnej, SGGW w Warszawie; Warszawska Izba Lekarsko \u2013 Weterynaryjna oraz Polskie Towarzystwo Nauk Weterynaryjnych Oddzia\u0142 w Warszawie.<\/p>\n<p>Sesja zosta\u0142a obj\u0119ta patronatem honorowym G\u0142\u00f3wnego Lekarza Weterynarii.<\/p>\n<p>W roli prelegent\u00f3w wyst\u0105pi\u0105:<\/p>\n<p>Dr Miros\u0142aw Welz &#8211; Podkarpacki Wojew\u00f3dzki Lekarz Weterynarii<br \/>\nDr Piotr Kwieci\u0144ski &#8211; Wiceprezydent Europejskiej Federacji Lekarzy Weterynarii (Federation of Veterinarians of Europe \u2013 FVE) reprezentuj\u0105cej organizacje lekarzy weterynarii z 38 europejskich kraj\u00f3w<br \/>\nDr hab. Magdalena Rzewuska, Katedra Nauk Przedklinicznych, Zak\u0142ad Mikrobiologii, Instytut Medycyny Weterynaryjnej SGGW w Warszawie<br \/>\nProf. dr hab. Monika Szyma\u0144ska-Czerwi\u0144ska, Profesor Instytutu w Zak\u0142adzie Biotechnologii i Nutrigenomiki PAN w Jastrz\u0119bcu<br \/>\nProf. dr hab. Krzysztof Rypu\u0142a, Katedra Epizootiologii z Klinik\u0105 Ptak\u00f3w i Zwierz\u0105t Egzotycznych, Wydzia\u0142 Medycyny Weterynaryjnej UP we Wroc\u0142awiu<br \/>\nProf. Piet Vellema, DVM, PhD, Dip.ECSRHM, Holandia<br \/>\nDr Daniel Cifo Arcos, Instytut Zdrowia im. Karola III w Madrycie (Hiszpania).<br \/>\nModeratorami Sesji b\u0119d\u0105: prof. dr hab. Krzysztof Anusz, Kierownik Katedry Higieny \u017bywno\u015bci i Ochrony Zdrowia Publicznego, Instytut Medycyny Weterynaryjnej, SGGW w Warszawie oraz dr Ma\u0142gorzata Bruczy\u0144ska \u2013 Powiatowy Lekarz Weterynarii w Piasecznie.<\/p>\n<p>W przerwie mi\u0119dzy wyk\u0142adami zapraszamy na pokaz biosekuracyjny.<\/p>\n<p>Program Kongresu: <a class=\"x1fey0fg xmper1u x1edh9d7\" href=\"https:\/\/vet-expo.syskonf.pl\/program\">https:\/\/vet-expo.syskonf.pl\/program<\/a><\/p>\n<p>Rejestracja: <a class=\"x1fey0fg xmper1u x1edh9d7\" href=\"https:\/\/vet-expo.syskonf.pl\/rejestracja\">https:\/\/vet-expo.syskonf.pl\/rejestracja<\/a><\/div>\n<\/div>\n<div class=\"x11i5rnm xat24cr x1mh8g0r x1vvkbs xtlvy1s x126k92a\">\n<div dir=\"auto\"><img loading=\"lazy\" decoding=\"async\" class=\"aligncenter size-large wp-image-379\" src=\"http:\/\/warszawa.ptnw.pl\/wp-content\/uploads\/2024\/03\/zaproszenie-724x1024.jpg\" alt=\"\" width=\"584\" height=\"826\" srcset=\"http:\/\/warszawa.ptnw.pl\/wp-content\/uploads\/2024\/03\/zaproszenie-724x1024.jpg 724w, http:\/\/warszawa.ptnw.pl\/wp-content\/uploads\/2024\/03\/zaproszenie-212x300.jpg 212w, http:\/\/warszawa.ptnw.pl\/wp-content\/uploads\/2024\/03\/zaproszenie-768x1086.jpg 768w, http:\/\/warszawa.ptnw.pl\/wp-content\/uploads\/2024\/03\/zaproszenie.jpg 1587w\" sizes=\"auto, (max-width: 584px) 100vw, 584px\" \/><\/div>\n<\/div>\n","protected":false},"excerpt":{"rendered":"<p>Szanowni Pa\u0144stwo, Przypominamy o zbli\u017caj\u0105cych si\u0119 Targach Weterynaryjnych i Kongresie Medycyny Weterynaryjnej &#8222;Wsp\u00f3\u0142czesna Weterynaria&#8221;, kt\u00f3re odb\u0119d\u0105 si\u0119 w weekend 20 &#8211; 21 kwietnia br. w Hali Expo w \u0141odzi. W ramach wydarzenia gor\u0105co zach\u0119camy do udzia\u0142u w Sesji naukowej &#8222;Gor\u0105czka &hellip; <a href=\"http:\/\/warszawa.ptnw.pl\/?p=378\">Czytaj dalej <span class=\"meta-nav\">&rarr;<\/span><\/a><\/p>\n","protected":false},"author":2,"featured_media":0,"comment_status":"closed","ping_status":"open","sticky":true,"template":"","format":"standard","meta":{"footnotes":""},"categories":[1],"tags":[],"class_list":["post-378","post","type-post","status-publish","format-standard","hentry","category-uncategorized"],"_links":{"self":[{"href":"http:\/\/warszawa.ptnw.pl\/index.php?rest_route=\/wp\/v2\/posts\/378","targetHints":{"allow":["GET"]}}],"collection":[{"href":"http:\/\/warszawa.ptnw.pl\/index.php?rest_route=\/wp\/v2\/posts"}],"about":[{"href":"http:\/\/warszawa.ptnw.pl\/index.php?rest_route=\/wp\/v2\/types\/post"}],"author":[{"embeddable":true,"href":"http:\/\/warszawa.ptnw.pl\/index.php?rest_route=\/wp\/v2\/users\/2"}],"replies":[{"embeddable":true,"href":"http:\/\/warszawa.ptnw.pl\/index.php?rest_route=%2Fwp%2Fv2%2Fcomments&post=378"}],"version-history":[{"count":2,"href":"http:\/\/warszawa.ptnw.pl\/index.php?rest_route=\/wp\/v2\/posts\/378\/revisions"}],"predecessor-version":[{"id":395,"href":"http:\/\/warszawa.ptnw.pl\/index.php?rest_route=\/wp\/v2\/posts\/378\/revisions\/395"}],"wp:attachment":[{"href":"http:\/\/warszawa.ptnw.pl\/index.php?rest_route=%2Fwp%2Fv2%2Fmedia&parent=378"}],"wp:term":[{"taxonomy":"category","embeddable":true,"href":"http:\/\/warszawa.ptnw.pl\/index.php?rest_route=%2Fwp%2Fv2%2Fcategories&post=378"},{"taxonomy":"post_tag","embeddable":true,"href":"http:\/\/warszawa.ptnw.pl\/index.php?rest_route=%2Fwp%2Fv2%2Ftags&post=378"}],"curies":[{"name":"wp","href":"https:\/\/api.w.org\/{rel}","templated":true}]}}