{"id":352,"date":"2023-12-13T10:31:02","date_gmt":"2023-12-13T09:31:02","guid":{"rendered":"http:\/\/warszawa.ptnw.pl\/?p=352"},"modified":"2023-12-20T15:45:27","modified_gmt":"2023-12-20T14:45:27","slug":"zarzad-ptnw-oddzial-w-warszawie-kadencja-2024-2027","status":"publish","type":"post","link":"http:\/\/warszawa.ptnw.pl\/?p=352","title":{"rendered":"Zarz\u0105d PTNW Oddzia\u0142 w Warszawie &#8211; kadencja 2024-2027"},"content":{"rendered":"<div class=\"xdj266r x11i5rnm xat24cr x1mh8g0r x1vvkbs x126k92a\">\n<div dir=\"auto\">Podczas Walnego Zebrania Sprawozdawczo &#8211; Wyborczego PTNW, Oddzia\u0142 w Warszawie, kt\u00f3re odby\u0142o si\u0119 12 grudnia 2023 r., wybrano nowy Zarz\u0105d na kadencj\u0119 2024-2027, w sk\u0142adzie:<\/div>\n<p>&nbsp;<\/p>\n<div class=\"x11i5rnm xat24cr x1mh8g0r x1vvkbs xtlvy1s x126k92a\">\n<div dir=\"auto\">Przewodnicz\u0105cy &#8211; prof. dr hab. Krzysztof Anusz<\/div>\n<div dir=\"auto\">Wiceprzewodnicz\u0105cy &#8211; dr hab. Tomasz Sadkowski<\/div>\n<div dir=\"auto\">Skarbnik &#8211; dr hab. Justyna Soko\u0142owska<\/div>\n<div dir=\"auto\">Sekretarz &#8211; dr Kaja Urba\u0144ska<\/div>\n<p>&nbsp;<\/p>\n<div class=\"x11i5rnm xat24cr x1mh8g0r x1vvkbs xtlvy1s x126k92a\">\n<div dir=\"auto\">Cz\u0142onkowie Zarz\u0105du:<\/div>\n<div dir=\"auto\">dr hab. Magdalena Ch\u0142opecka<\/div>\n<div dir=\"auto\">dr Natalia Dziekan<\/div>\n<p>&nbsp;<\/p>\n<div class=\"x11i5rnm xat24cr x1mh8g0r x1vvkbs xtlvy1s x126k92a\">\n<div dir=\"auto\">Komisja Rewizyjna:<\/div>\n<div dir=\"auto\">Przewodnicz\u0105ca &#8211; dr hab. Anna Pyziel, prof. SGGW<\/div>\n<div dir=\"auto\">dr hab. Marta Mendel, prof. SGGW<\/div>\n<div dir=\"auto\">dr hab. Joanna P\u0142awi\u0144ska-Czarnak, prof. SGGW<\/div>\n<p>&nbsp;<\/p>\n<div dir=\"auto\">Gratulujemy i \u017cyczymy owocnej pracy!<\/div>\n<\/div>\n<\/div>\n<\/div>\n<\/div>\n","protected":false},"excerpt":{"rendered":"<p>Podczas Walnego Zebrania Sprawozdawczo &#8211; Wyborczego PTNW, Oddzia\u0142 w Warszawie, kt\u00f3re odby\u0142o si\u0119 12 grudnia 2023 r., wybrano nowy Zarz\u0105d na kadencj\u0119 2024-2027, w sk\u0142adzie: &nbsp; Przewodnicz\u0105cy &#8211; prof. dr hab. Krzysztof Anusz Wiceprzewodnicz\u0105cy &#8211; dr hab. Tomasz Sadkowski Skarbnik &hellip; <a href=\"http:\/\/warszawa.ptnw.pl\/?p=352\">Czytaj dalej <span class=\"meta-nav\">&rarr;<\/span><\/a><\/p>\n","protected":false},"author":2,"featured_media":0,"comment_status":"closed","ping_status":"open","sticky":true,"template":"","format":"standard","meta":{"footnotes":""},"categories":[1],"tags":[],"class_list":["post-352","post","type-post","status-publish","format-standard","hentry","category-uncategorized"],"_links":{"self":[{"href":"http:\/\/warszawa.ptnw.pl\/index.php?rest_route=\/wp\/v2\/posts\/352","targetHints":{"allow":["GET"]}}],"collection":[{"href":"http:\/\/warszawa.ptnw.pl\/index.php?rest_route=\/wp\/v2\/posts"}],"about":[{"href":"http:\/\/warszawa.ptnw.pl\/index.php?rest_route=\/wp\/v2\/types\/post"}],"author":[{"embeddable":true,"href":"http:\/\/warszawa.ptnw.pl\/index.php?rest_route=\/wp\/v2\/users\/2"}],"replies":[{"embeddable":true,"href":"http:\/\/warszawa.ptnw.pl\/index.php?rest_route=%2Fwp%2Fv2%2Fcomments&post=352"}],"version-history":[{"count":4,"href":"http:\/\/warszawa.ptnw.pl\/index.php?rest_route=\/wp\/v2\/posts\/352\/revisions"}],"predecessor-version":[{"id":360,"href":"http:\/\/warszawa.ptnw.pl\/index.php?rest_route=\/wp\/v2\/posts\/352\/revisions\/360"}],"wp:attachment":[{"href":"http:\/\/warszawa.ptnw.pl\/index.php?rest_route=%2Fwp%2Fv2%2Fmedia&parent=352"}],"wp:term":[{"taxonomy":"category","embeddable":true,"href":"http:\/\/warszawa.ptnw.pl\/index.php?rest_route=%2Fwp%2Fv2%2Fcategories&post=352"},{"taxonomy":"post_tag","embeddable":true,"href":"http:\/\/warszawa.ptnw.pl\/index.php?rest_route=%2Fwp%2Fv2%2Ftags&post=352"}],"curies":[{"name":"wp","href":"https:\/\/api.w.org\/{rel}","templated":true}]}}