{"id":344,"date":"2023-11-28T16:37:23","date_gmt":"2023-11-28T15:37:23","guid":{"rendered":"http:\/\/warszawa.ptnw.pl\/?p=344"},"modified":"2023-11-28T23:24:02","modified_gmt":"2023-11-28T22:24:02","slug":"walne-zebranie-sprawozdawczo-wyborcze","status":"publish","type":"post","link":"http:\/\/warszawa.ptnw.pl\/?p=344","title":{"rendered":"WALNE ZEBRANIE SPRAWOZDAWCZO \u2013 WYBORCZE"},"content":{"rendered":"<p>Szanowni Pa\u0144stwo,<\/p>\n<p>Zarz\u0105d Polskiego Towarzystwa Nauk Weterynaryjnych, Oddzia\u0142 w Warszawie\u00a0zwo\u0142uje WALNE ZEBRANIE SPRAWOZDAWCZO \u2013 WYBORCZE Cz\u0142onk\u00f3w Oddzia\u0142u, kt\u00f3re<\/p>\n<p>odb\u0119dzie si\u0119 12.12.2023 r. (wtorek), o godz. 10.00,<\/p>\n<p>w sali Rady Dyscypliny Instytutu Medycyny Weterynaryjnej Szko\u0142y G\u0142\u00f3wnej Gospodarstwa Wiejskiego w Warszawie (bud. nr 24 im. prof. W. Bareja, I pi\u0119tro).<\/p>\n<p><u>Porz\u0105dek zebrania<\/u>:<u>\u00a0<\/u><\/p>\n<ol data-listchain=\"__List_Chain_53\">\n<li>Sprawozdanie z dzia\u0142alno\u015bci Oddzia\u0142u w kadencji 2020-2023.<\/li>\n<li>Ocena dzia\u0142alno\u015bci Oddzia\u0142u w latach 2020-2023 przeprowadzona przez Komisj\u0119 Rewizyjn\u0105.<\/li>\n<li>Przyj\u0119cie sprawozda\u0144 i absolutorium.<\/li>\n<li>Wybory Cz\u0142onk\u00f3w Zarz\u0105du Oddzia\u0142u na kadencj\u0119 2024-2027:\n<ol>\n<li>Wybory Przewodnicz\u0105cego Oddzia\u0142u,<\/li>\n<li>Wybory Wiceprzewodnicz\u0105cego Oddzia\u0142u,<\/li>\n<li>Wybory Sekretarza Oddzia\u0142u,<\/li>\n<li>Wybory Skarbnika Oddzia\u0142u.<\/li>\n<\/ol>\n<\/li>\n<li>Wybory Cz\u0142onk\u00f3w Komisji Rewizyjnej na kadencj\u0119 2024-2027.<\/li>\n<li>Wybory Delegat\u00f3w na XLVIII Zwyczajne Walne Zebranie Delegat\u00f3w Polskiego Towarzystwa Nauk Weterynaryjnych.<\/li>\n<li>Wolne wnioski i dyskusja.<\/li>\n<\/ol>\n<p>W przypadku braku kworum, wybory odb\u0119d\u0105 si\u0119 w II terminie, w tym samym dniu i miejscu, o godz. 10.15.<\/p>\n<p>Szczeg\u00f3\u0142owe informacje znajd\u0105 Pa\u0144stwo w przes\u0142anym zaproszeniu.<\/p>\n<p>\u0141\u0105cz\u0119 wyrazy szacunku i serdecznie zapraszam,<\/p>\n<p>dr Kaja Urba\u0144ska<br \/>\nSekretarz<br \/>\nPTNW, Oddzia\u0142 w Warszawie<\/p>\n<div id=\"attachment_348\" style=\"width: 594px\" class=\"wp-caption aligncenter\"><img loading=\"lazy\" decoding=\"async\" aria-describedby=\"caption-attachment-348\" class=\"size-large wp-image-348\" src=\"http:\/\/warszawa.ptnw.pl\/wp-content\/uploads\/2023\/11\/2023.11.27-Walne-Zebranie-Og\u0142oszenie-v3-764x1024.jpg\" alt=\"\" width=\"584\" height=\"783\" srcset=\"http:\/\/warszawa.ptnw.pl\/wp-content\/uploads\/2023\/11\/2023.11.27-Walne-Zebranie-Og\u0142oszenie-v3-764x1024.jpg 764w, http:\/\/warszawa.ptnw.pl\/wp-content\/uploads\/2023\/11\/2023.11.27-Walne-Zebranie-Og\u0142oszenie-v3-224x300.jpg 224w, http:\/\/warszawa.ptnw.pl\/wp-content\/uploads\/2023\/11\/2023.11.27-Walne-Zebranie-Og\u0142oszenie-v3-768x1030.jpg 768w\" sizes=\"auto, (max-width: 584px) 100vw, 584px\" \/><p id=\"caption-attachment-348\" class=\"wp-caption-text\">Zeskanowane obrazy<\/p><\/div>\n","protected":false},"excerpt":{"rendered":"<p>Szanowni Pa\u0144stwo, Zarz\u0105d Polskiego Towarzystwa Nauk Weterynaryjnych, Oddzia\u0142 w Warszawie\u00a0zwo\u0142uje WALNE ZEBRANIE SPRAWOZDAWCZO \u2013 WYBORCZE Cz\u0142onk\u00f3w Oddzia\u0142u, kt\u00f3re odb\u0119dzie si\u0119 12.12.2023 r. (wtorek), o godz. 10.00, w sali Rady Dyscypliny Instytutu Medycyny Weterynaryjnej Szko\u0142y G\u0142\u00f3wnej Gospodarstwa Wiejskiego w Warszawie (bud. &hellip; <a href=\"http:\/\/warszawa.ptnw.pl\/?p=344\">Czytaj dalej <span class=\"meta-nav\">&rarr;<\/span><\/a><\/p>\n","protected":false},"author":2,"featured_media":0,"comment_status":"closed","ping_status":"open","sticky":true,"template":"","format":"standard","meta":{"footnotes":""},"categories":[1],"tags":[],"class_list":["post-344","post","type-post","status-publish","format-standard","hentry","category-uncategorized"],"_links":{"self":[{"href":"http:\/\/warszawa.ptnw.pl\/index.php?rest_route=\/wp\/v2\/posts\/344","targetHints":{"allow":["GET"]}}],"collection":[{"href":"http:\/\/warszawa.ptnw.pl\/index.php?rest_route=\/wp\/v2\/posts"}],"about":[{"href":"http:\/\/warszawa.ptnw.pl\/index.php?rest_route=\/wp\/v2\/types\/post"}],"author":[{"embeddable":true,"href":"http:\/\/warszawa.ptnw.pl\/index.php?rest_route=\/wp\/v2\/users\/2"}],"replies":[{"embeddable":true,"href":"http:\/\/warszawa.ptnw.pl\/index.php?rest_route=%2Fwp%2Fv2%2Fcomments&post=344"}],"version-history":[{"count":3,"href":"http:\/\/warszawa.ptnw.pl\/index.php?rest_route=\/wp\/v2\/posts\/344\/revisions"}],"predecessor-version":[{"id":349,"href":"http:\/\/warszawa.ptnw.pl\/index.php?rest_route=\/wp\/v2\/posts\/344\/revisions\/349"}],"wp:attachment":[{"href":"http:\/\/warszawa.ptnw.pl\/index.php?rest_route=%2Fwp%2Fv2%2Fmedia&parent=344"}],"wp:term":[{"taxonomy":"category","embeddable":true,"href":"http:\/\/warszawa.ptnw.pl\/index.php?rest_route=%2Fwp%2Fv2%2Fcategories&post=344"},{"taxonomy":"post_tag","embeddable":true,"href":"http:\/\/warszawa.ptnw.pl\/index.php?rest_route=%2Fwp%2Fv2%2Ftags&post=344"}],"curies":[{"name":"wp","href":"https:\/\/api.w.org\/{rel}","templated":true}]}}