{"id":316,"date":"2022-11-29T22:48:06","date_gmt":"2022-11-29T21:48:06","guid":{"rendered":"http:\/\/warszawa.ptnw.pl\/?p=316"},"modified":"2022-11-29T22:48:06","modified_gmt":"2022-11-29T21:48:06","slug":"zebranie-naukowe-oddzialu-warszawskiego-ptnw-3","status":"publish","type":"post","link":"http:\/\/warszawa.ptnw.pl\/?p=316","title":{"rendered":"Zebranie naukowe Oddzia\u0142u Warszawskiego PTNW"},"content":{"rendered":"<p style=\"text-align: center;\"><strong>Polskie Towarzystwo Nauk Weterynaryjnych\u00a0Oddzia\u0142 w Warszawie<\/strong><\/p>\n<p style=\"text-align: center;\">zaprasza na zebranie naukowe, kt\u00f3re odb\u0119dzie si\u0119<\/p>\n<p style=\"text-align: center;\"><strong>we wtorek, 13 grudnia 2022 r., o godz. 10:30 <\/strong><\/p>\n<p style=\"text-align: center;\">w Sali Posiedze\u0144 Instytutu Medycyny Weterynaryjnej,\u00a0budynek nr 24 im. prof. Wies\u0142awa Bareja, I p.,\u00a002-776 Warszawa, ul. Nowoursynowska 159<\/p>\n<p style=\"text-align: center;\">Referat pt.:\u00a0<strong>,,AHL &#8211; Nowe Prawo UE\u00a0<\/strong><strong>w zakresie zdrowia zwierz\u0105t\u201d<\/strong><\/p>\n<p style=\"text-align: center;\"><strong>\u00a0<\/strong>wyg\u0142osi Pan\u00a0<strong>dr Miros\u0142aw Welz<br \/>\n<\/strong><strong>Podkarpacki Wojew\u00f3dzki Lekarz Weterynarii<\/strong><\/p>\n<p style=\"text-align: center;\">\n<p>&nbsp;<\/p>\n<p style=\"text-align: center;\">Przewodnicz\u0105cy Oddzia\u0142u<br \/>\nprof. dr hab. Krzysztof Anusz<\/p>\n<p><img loading=\"lazy\" decoding=\"async\" class=\"aligncenter wp-image-317 size-large\" src=\"http:\/\/warszawa.ptnw.pl\/wp-content\/uploads\/2022\/11\/ZAPROSZENIE-3-12.2022-745x1024.jpg\" alt=\"\" width=\"584\" height=\"803\" srcset=\"http:\/\/warszawa.ptnw.pl\/wp-content\/uploads\/2022\/11\/ZAPROSZENIE-3-12.2022-745x1024.jpg 745w, http:\/\/warszawa.ptnw.pl\/wp-content\/uploads\/2022\/11\/ZAPROSZENIE-3-12.2022-218x300.jpg 218w, http:\/\/warszawa.ptnw.pl\/wp-content\/uploads\/2022\/11\/ZAPROSZENIE-3-12.2022-768x1056.jpg 768w, http:\/\/warszawa.ptnw.pl\/wp-content\/uploads\/2022\/11\/ZAPROSZENIE-3-12.2022.jpg 1700w\" sizes=\"auto, (max-width: 584px) 100vw, 584px\" \/><\/p>\n","protected":false},"excerpt":{"rendered":"<p>Polskie Towarzystwo Nauk Weterynaryjnych\u00a0Oddzia\u0142 w Warszawie zaprasza na zebranie naukowe, kt\u00f3re odb\u0119dzie si\u0119 we wtorek, 13 grudnia 2022 r., o godz. 10:30 w Sali Posiedze\u0144 Instytutu Medycyny Weterynaryjnej,\u00a0budynek nr 24 im. prof. Wies\u0142awa Bareja, I p.,\u00a002-776 Warszawa, ul. Nowoursynowska 159 &hellip; <a href=\"http:\/\/warszawa.ptnw.pl\/?p=316\">Czytaj dalej <span class=\"meta-nav\">&rarr;<\/span><\/a><\/p>\n","protected":false},"author":2,"featured_media":0,"comment_status":"closed","ping_status":"open","sticky":true,"template":"","format":"standard","meta":{"footnotes":""},"categories":[1],"tags":[],"class_list":["post-316","post","type-post","status-publish","format-standard","hentry","category-uncategorized"],"_links":{"self":[{"href":"http:\/\/warszawa.ptnw.pl\/index.php?rest_route=\/wp\/v2\/posts\/316","targetHints":{"allow":["GET"]}}],"collection":[{"href":"http:\/\/warszawa.ptnw.pl\/index.php?rest_route=\/wp\/v2\/posts"}],"about":[{"href":"http:\/\/warszawa.ptnw.pl\/index.php?rest_route=\/wp\/v2\/types\/post"}],"author":[{"embeddable":true,"href":"http:\/\/warszawa.ptnw.pl\/index.php?rest_route=\/wp\/v2\/users\/2"}],"replies":[{"embeddable":true,"href":"http:\/\/warszawa.ptnw.pl\/index.php?rest_route=%2Fwp%2Fv2%2Fcomments&post=316"}],"version-history":[{"count":1,"href":"http:\/\/warszawa.ptnw.pl\/index.php?rest_route=\/wp\/v2\/posts\/316\/revisions"}],"predecessor-version":[{"id":318,"href":"http:\/\/warszawa.ptnw.pl\/index.php?rest_route=\/wp\/v2\/posts\/316\/revisions\/318"}],"wp:attachment":[{"href":"http:\/\/warszawa.ptnw.pl\/index.php?rest_route=%2Fwp%2Fv2%2Fmedia&parent=316"}],"wp:term":[{"taxonomy":"category","embeddable":true,"href":"http:\/\/warszawa.ptnw.pl\/index.php?rest_route=%2Fwp%2Fv2%2Fcategories&post=316"},{"taxonomy":"post_tag","embeddable":true,"href":"http:\/\/warszawa.ptnw.pl\/index.php?rest_route=%2Fwp%2Fv2%2Ftags&post=316"}],"curies":[{"name":"wp","href":"https:\/\/api.w.org\/{rel}","templated":true}]}}