{"id":312,"date":"2021-12-14T10:02:31","date_gmt":"2021-12-14T09:02:31","guid":{"rendered":"http:\/\/warszawa.ptnw.pl\/?p=312"},"modified":"2022-11-09T12:14:50","modified_gmt":"2022-11-09T11:14:50","slug":"informacja-o-przebiegu-xvi-kongresu-ptnw","status":"publish","type":"post","link":"http:\/\/warszawa.ptnw.pl\/?p=312","title":{"rendered":"Informacja o przebiegu XVI Kongresu PTNW"},"content":{"rendered":"<p><img loading=\"lazy\" decoding=\"async\" class=\"alignnone size-full wp-image-448\" src=\"http:\/\/xvi-kongres-ptnw.wmw.sggw.pl\/wp-content\/uploads\/2021\/11\/XVI-Kongres-PTNW-wygaszacz_t\u0142o.jpg\" alt=\"\" width=\"3780\" height=\"2126\" \/><\/p>\n<p style=\"text-align: center;\"><a href=\"http:\/\/xvi-kongres-ptnw.wmw.sggw.pl\/wp-content\/uploads\/2021\/11\/XVI-Kongres-PTNW-ksi%C4%85%C5%BCka-streszczcze%C5%84-26-27-listopada-2021.pdf\">Ksi\u0105\u017cka streszcze\u0144 XVI Kongresu PTNW<\/a><\/p>\n<p>W dniach 26 \u2013 27 listopada 2021 roku odby\u0142 si\u0119, pod patronatem JM Rektora SGGW prof. dr hab. Micha\u0142a Zasady, XVI Kongres Polskiego Towarzystwa Nauk Weterynaryjnych. Mottem przewodnim Kongresu by\u0142o has\u0142o \u201eOmnia Autem Animalia Sunt\u201d. Kongres zosta\u0142 zorganizowany przez Instytut Medycyny Weterynaryjnej Szko\u0142y G\u0142\u00f3wnej Gospodarstwa Wiejskiego\u00a0 w Warszawie przy aktywnym wsparciu Zarz\u0105du G\u0142\u00f3wnego PTNW. Ze wzgl\u0119du na trwaj\u0105c\u0105 pandemi\u0119 Covid19 obrady przeprowadzono w formie hybrydowej. Organizatorzy, cz\u0142onkowie ZG PTNW oraz przewodnicz\u0105cy sesji\u00a0 i ich zast\u0119pcy spotkali si\u0119 w obiektach Instytutu Medycyny Weterynaryjnej przy ul. Ursynowskiej 159 i stamt\u0105d prowadzili obrady on-line.\u00a0 By\u0142 to pierwszy w historii PTNW\u00a0 Kongres prowadzony w takiej formie z uczestnictwem 495 s\u0142uchaczy. Organizatorzy utworzyli 17 sesji tematycznych, do kt\u00f3rych zg\u0142oszono 357 streszcze\u0144 konferencyjnych (doniesienia, plakaty) oraz 26 wyg\u0142ad\u00f3w plenarnych w poszczeg\u00f3lnych sesjach. Do poszczeg\u00f3lnych sesji zalogowa\u0142o si\u0119 ok. 20-50 os\u00f3b.\u00a0 Dla ka\u017cdej sesji powo\u0142ano komisje konkursowe, kt\u00f3re wybra\u0142y wyr\u00f3\u017cniaj\u0105ce si\u0119 doniesienia i plakaty. Wykaz nagrodzonych autor\u00f3w w za\u0142\u0105czeniu oraz na stronie Kongresu i PTNW. Nagrod\u0105 za zwyci\u0119skie prezentacje ustne jest publikacja artyku\u0142u w Medycynie Weterynaryjnej na koszt biura kongresu. Za najlepsze prezentacje plakatowe przyznano nagrody ksi\u0105\u017ckowe.<\/p>\n<p><img loading=\"lazy\" decoding=\"async\" class=\"alignnone size-full wp-image-462\" src=\"http:\/\/xvi-kongres-ptnw.wmw.sggw.pl\/wp-content\/uploads\/2021\/12\/IMG_20211126_090249.jpg\" alt=\"\" width=\"3264\" height=\"1504\" \/><\/p>\n<p>Cz\u0119\u015b\u0107 oficjaln\u0105 Kongresu rozpocz\u0105\u0142 i poprowadzi\u0142 Dyrektor Instytutu Medycyny Weterynaryjnej SGGW w Warszawie, przewodnicz\u0105cy Komitetu Organizacyjnego XVI Kongresu PTNW prof. dr hab. Marcin Ba\u0144bura. Nast\u0119pnie, w imieniu Rektora SGGW, g\u0142os zabra\u0142a dr hab. Marta Mendel, prorektor ds. Wsp\u00f3\u0142pracy Mi\u0119dzynarodowej SGGW. Kolejnym m\u00f3wc\u0105 by\u0142 Prezes ZG PTNW prof. dr hab. Jan Twardo\u0144.<br \/>\n<img loading=\"lazy\" decoding=\"async\" class=\"alignnone size-full wp-image-461\" src=\"http:\/\/xvi-kongres-ptnw.wmw.sggw.pl\/wp-content\/uploads\/2021\/12\/IMG_20211126_090849.jpg\" alt=\"\" width=\"4624\" height=\"2136\" \/><br \/>\nWyk\u0142ad inauguracyjny pt. \u201eJak o nich m\u00f3wimy?\u201d\u00a0 wyg\u0142osi\u0142 prof. dr hab. Jerzy Bralczyk, profesor nauk humanistycznych,\u00a0 wybitny polski\u00a0 j\u0119zykoznawca i autor interesuj\u0105cej i bliskiej nam tematycznie ksi\u0105\u017cki \u201eZwierzyniec\u201d.<\/p>\n<p><img loading=\"lazy\" decoding=\"async\" class=\"alignnone size-full wp-image-464\" src=\"http:\/\/xvi-kongres-ptnw.wmw.sggw.pl\/wp-content\/uploads\/2021\/12\/IMG_20211126_100247.jpg\" alt=\"\" width=\"4624\" height=\"2136\" \/><\/p>\n<p>Po arcymistrzowskim wyk\u0142adzie, kt\u00f3ry zosta\u0142 wys\u0142uchany z du\u017cym zainteresowaniem wszystkich uczestnik\u00f3w Kongresu,\u00a0 g\u0142os zabra\u0142a prof. dr hab. Iwona Markowska \u2013 Daniel, prezes ZG PTNW poprzedniej kadencji i przedstawi\u0142a list\u0119 os\u00f3b uhonorowanych w latach 2017-2020 odznaczeniem \u201eZAS\u0141U\u017bONY DLA\u00a0 PTNW\u00a0 MERITO PRO SOCIETATAE\u201d, wyr\u00f3\u017cnieniem honorowym \u201eREZOLUTIO PRO LAUDE\u201d oraz odznaczeniem honorowym dla autora\/autor\u00f3w \u201dWYR\u00d3\u017bNIAJ\u0104CEJ\u00a0 SI\u0118 KSI\u0104\u017bKI\u00a0 WETERYNARYJNEJ\u201d.<\/p>\n<p style=\"text-align: center;\"><a href=\"http:\/\/xvi-kongres-ptnw.wmw.sggw.pl\/wp-content\/uploads\/2021\/11\/ODZNACZENIE-%E2%80%9EZAS%C5%81U%C5%BBONY-DLA-PTNW%E2%80%9D-MERITO-PRO-SOCIETATAE-XVI-Kongres-PTNW-26-27.11.2021.pdf\">ODZNACZENIE \u201eZAS\u0141U\u017bONY DLA PTNW\u201d (MERITO PRO SOCIETATAE)<br \/>\n<\/a><a href=\"http:\/\/xvi-kongres-ptnw.wmw.sggw.pl\/wp-content\/uploads\/2021\/11\/WYR%C3%93%C5%BBNIENIE-HONOROWE-%E2%80%9ERESOLUTIO-PRO-LAUDE%E2%80%9D-XVI-Kongres-PTNW-26-27.11.2021.pdf\">WYR\u00d3\u017bNIENIE HONOROWE \u201eRESOLUTIO PRO LAUDE\u201d<\/a><br \/>\n<a href=\"http:\/\/xvi-kongres-ptnw.wmw.sggw.pl\/wp-content\/uploads\/2021\/11\/ODZNACZENIE-HONOROWE-DLA-AUTORA-%E2%80%9EWYR%C3%93%C5%BBNIAJ%C4%84CEJ-SI%C4%98-KSI%C4%84%C5%BBKI-WETERYNARYJNEJ%E2%80%9D-XVI-Kongres-PTNW-26-27.11.2021.pdf\">ODZNACZENIE HONOROWE DLA AUTORA \u201eWYR\u00d3\u017bNIAJ\u0104CEJ SI\u0118 KSI\u0104\u017bKI WETERYNARYJNEJ\u201d<\/a><\/p>\n<p>Nast\u0119pnie g\u0142os zabra\u0142a prof. dr hab. Marta Kankofer \u2013 sekretarz naukowy ZG PTNW i poinformowa\u0142a\u00a0 o Nagrodach PTNW za najlepsze publikacje w latach 2017 \u2013 2020, kt\u00f3rych przyznano w liczbie 655 (lista nagrodzonych publikowana jest na stronie Kongresu oraz PTNW ). Inauguracj\u0119 Kongresu oraz wyk\u0142ad prof. Jerzego Bralczyka\u00a0 obserwowa\u0142o 400 os\u00f3b, dzi\u0119ki transmisji telewizji SGGW.<\/p>\n<p style=\"text-align: center;\"><a href=\"http:\/\/xvi-kongres-ptnw.wmw.sggw.pl\/wp-content\/uploads\/2021\/11\/Wykaz-Nagrod-PTNW-za-2017-XVI-Kongres-PTNW-26-27.11.2021.pdf\">Wykaz Nagr\u00f3d PTNW za 2017<\/a><a href=\"http:\/\/xvi-kongres-ptnw.wmw.sggw.pl\/wp-content\/uploads\/2021\/11\/Wykaz-Nagrod-PTNW-za-2018-XVI-Kongres-PTNW-26-27.11.2021.pdf\"><br \/>\nWykaz Nagr\u00f3d PTNW za 2018<\/a><br \/>\n<a href=\"http:\/\/xvi-kongres-ptnw.wmw.sggw.pl\/wp-content\/uploads\/2021\/11\/Wykaz-Nagrod-PTNW-za-2019-XVI-Kongres-PTNW-26-27.11.2021.pdf\">Wykaz Nagr\u00f3d PTNW za 2019<\/a><br \/>\n<a href=\"http:\/\/xvi-kongres-ptnw.wmw.sggw.pl\/wp-content\/uploads\/2021\/11\/Wykaz-Nagrod-PTNW-za-2020XVI-Kongres-PTNW-26-27.11.2021.pdf\">Wykaz Nagr\u00f3d PTNW za 2020<\/a><\/p>\n<p><img loading=\"lazy\" decoding=\"async\" class=\"alignnone size-full wp-image-466\" src=\"http:\/\/xvi-kongres-ptnw.wmw.sggw.pl\/wp-content\/uploads\/2021\/12\/Screenshot_2021-11-26-10-35-33-715_com.facebook.katana.jpg\" alt=\"\" width=\"2340\" height=\"1080\" \/><\/p>\n<p>Po zako\u0144czeniu cz\u0119\u015bci oficjalnej, rozpocz\u0119\u0142y si\u0119 obrady w poszczeg\u00f3lnych sesjach, kt\u00f3re trwa\u0142y dwa dni, do godziny 17.30\u00a0 w sobot\u0119 ( 27.11 2021). W pi\u0105tek wieczorem odby\u0142o si\u0119 spotkanie Zarz\u0105du i komitet\u00f3w Kongresu w hotelu IKAR.<\/p>\n<p>Zwie\u0144czeniem XVI Kongresu by\u0142o og\u0142oszenie przez Przewodnicz\u0105cego Komitetu Organizacyjnego Kongresu prof. Marcina Ba\u0144bur\u0119 wynik\u00f3w konkursu na najlepsze doniesienia konferencyjne w poszczeg\u00f3lnych sesjach oraz ocena przebiegu Kongresu, a tak\u017ce podzi\u0119kowania Pana Profesora skierowane do cz\u0142onk\u00f3w komitetu organizacyjnego za ogromny wk\u0142ad pracy w\u0142o\u017cony w\u00a0 organizacj\u0119 tego przedsi\u0119wzi\u0119cia i za wymierne efekty ich dzia\u0142a\u0144.<\/p>\n<p style=\"text-align: center;\"><a href=\"http:\/\/xvi-kongres-ptnw.wmw.sggw.pl\/wp-content\/uploads\/2021\/12\/Prezentacja-nagr\u00f3d-XVI-Kongres-PTNW-27112021.pdf\">Laureaci konkursu na najlepsz\u0105 prezentacj\u0119 ustn\u0105 i plakatow\u0105 XVI Kongresu PTNW<\/a><\/p>\n<p>Nast\u0119pnie g\u0142os zabra\u0142 Prezes ZG PTNW prof.\u00a0 Jan Twardo\u0144 informuj\u0105c\u00a0 uczestnik\u00f3w Kongresu o posiedzeniu\u00a0 Zarz\u0105du\u00a0 G\u0142\u00f3wnego PTNW w dniu 26 listopada 2021 roku, na kt\u00f3rym podj\u0119to uchwa\u0142y o wyr\u00f3\u017cnieniu honorowym \u201eMERITO PRO LAUDE\u201d (pochwa\u0142a czynu) g\u0142\u00f3wnych organizator\u00f3w XVI Kongresu PTNW: zmar\u0142ego w tym roku prof. dr hab. Arkadiusza Orzechowskiego, kt\u00f3ry rozpocz\u0105\u0142 prace organizacyjne Kongresu, prof. dr hab. Marcina Ba\u0144bur\u0119 przewodnicz\u0105cego Komitetu Organizacyjnego oraz dra. hab. Tomasza Sadkowskiego, najbardziej zas\u0142u\u017conego w organizacji Kongresu zast\u0119pc\u0119 Komitetu Organizacyjnego i zast\u0119pc\u0119 dyrektora Instytutu Medycyny Weterynaryjnej SGGW ds. Nauki. Jego znakomite umiej\u0119tno\u015bci organizacyjne i predyspozycje techniczne sprawi\u0142y, \u017ce przebieg Kongresu w formie on-line zosta\u0142 efektywnie zrealizowany, a wydarzenie odby\u0142o si\u0119 bez najmniejszych zak\u0142\u00f3ce\u0144.<\/p>\n<p><img loading=\"lazy\" decoding=\"async\" class=\"alignnone size-full wp-image-463\" src=\"http:\/\/xvi-kongres-ptnw.wmw.sggw.pl\/wp-content\/uploads\/2021\/12\/IMG_20211126_091346.jpg\" alt=\"\" width=\"4624\" height=\"2136\" \/><\/p>\n<p>Prezes ZG PTNW podzi\u0119kowa\u0142 r\u00f3wnie\u017c Komitetowi Organizacyjnemu XVI Kongresu i wszystkim osobom bior\u0105cym udzia\u0142 w tym olbrzymim przedsi\u0119wzi\u0119ciu za ich wspania\u0142\u0105 prac\u0119, du\u017ce zaanga\u017cowanie, kompetencje i\u00a0 po\u015bwi\u0119cenie na rzecz naszego \u015brodowiska\u00a0 oraz Polskiego Towarzystwa Nauk Weterynaryjnych.<\/p>\n<p>Realizacja tak du\u017cego przedsi\u0119wzi\u0119cia, jakim jest Kongres PTNW, mo\u017cliwa by\u0142a dzi\u0119ki wsparciu<br \/>\nfinansowemu wielu instytucji i firm, takich jak: Ministerstwo\u00a0Edukacji i Nauki (dofinansowanie w ramach\u00a0projektu \u201eDoskona\u0142a nauka \u2013 wsparcie konferencji\u00a0naukowych\u201d nr DNK\/SP\/515129\/2021), Komitetu\u00a0Nauk Weterynaryjnych i Biologii Rozrodu PAN, Warszawskiej\u00a0Izby Lekarsko-Weterynaryjnej oraz firm:\u00a0Phibro Animal Health Corporation,\u00a0Labsoft i Graso\u00a0Biotech.<\/p>\n<p>By\u0142o to bardzo wa\u017cne i dobrze zorganizowane wydarzenie w \u017cyciu Polskiego Towarzystwa Nauk Weterynaryjnych.<\/p>\n<p>Na zako\u0144czenie swojego wyst\u0105pienia prezes ZG PTNW, prof. Jan Twardo\u0144,\u00a0 przekaza\u0142 wirtualnie \u201epa\u0142eczk\u0119 organizacyjn\u0105\u201d prof. dr hab. Bogdanowi Lewczukowi, dziekanowi Wydzia\u0142u Medycyny Weterynaryjnej Uniwersytetu Warmi\u0144sko Mazurskiego, kt\u00f3ry b\u0119dzie gospodarzem XVII Kongresu w 2024 roku.<\/p>\n<p>ZG\u00a0 PTNW<\/p>\n","protected":false},"excerpt":{"rendered":"<p>Ksi\u0105\u017cka streszcze\u0144 XVI Kongresu PTNW W dniach 26 \u2013 27 listopada 2021 roku odby\u0142 si\u0119, pod patronatem JM Rektora SGGW prof. dr hab. Micha\u0142a Zasady, XVI Kongres Polskiego Towarzystwa Nauk Weterynaryjnych. Mottem przewodnim Kongresu by\u0142o has\u0142o \u201eOmnia Autem Animalia Sunt\u201d. &hellip; <a href=\"http:\/\/warszawa.ptnw.pl\/?p=312\">Czytaj dalej <span class=\"meta-nav\">&rarr;<\/span><\/a><\/p>\n","protected":false},"author":2,"featured_media":0,"comment_status":"closed","ping_status":"open","sticky":true,"template":"","format":"standard","meta":{"footnotes":""},"categories":[1],"tags":[],"class_list":["post-312","post","type-post","status-publish","format-standard","hentry","category-uncategorized"],"_links":{"self":[{"href":"http:\/\/warszawa.ptnw.pl\/index.php?rest_route=\/wp\/v2\/posts\/312","targetHints":{"allow":["GET"]}}],"collection":[{"href":"http:\/\/warszawa.ptnw.pl\/index.php?rest_route=\/wp\/v2\/posts"}],"about":[{"href":"http:\/\/warszawa.ptnw.pl\/index.php?rest_route=\/wp\/v2\/types\/post"}],"author":[{"embeddable":true,"href":"http:\/\/warszawa.ptnw.pl\/index.php?rest_route=\/wp\/v2\/users\/2"}],"replies":[{"embeddable":true,"href":"http:\/\/warszawa.ptnw.pl\/index.php?rest_route=%2Fwp%2Fv2%2Fcomments&post=312"}],"version-history":[{"count":2,"href":"http:\/\/warszawa.ptnw.pl\/index.php?rest_route=\/wp\/v2\/posts\/312\/revisions"}],"predecessor-version":[{"id":314,"href":"http:\/\/warszawa.ptnw.pl\/index.php?rest_route=\/wp\/v2\/posts\/312\/revisions\/314"}],"wp:attachment":[{"href":"http:\/\/warszawa.ptnw.pl\/index.php?rest_route=%2Fwp%2Fv2%2Fmedia&parent=312"}],"wp:term":[{"taxonomy":"category","embeddable":true,"href":"http:\/\/warszawa.ptnw.pl\/index.php?rest_route=%2Fwp%2Fv2%2Fcategories&post=312"},{"taxonomy":"post_tag","embeddable":true,"href":"http:\/\/warszawa.ptnw.pl\/index.php?rest_route=%2Fwp%2Fv2%2Ftags&post=312"}],"curies":[{"name":"wp","href":"https:\/\/api.w.org\/{rel}","templated":true}]}}