{"id":271,"date":"2021-09-07T15:13:52","date_gmt":"2021-09-07T14:13:52","guid":{"rendered":"http:\/\/warszawa.ptnw.pl\/?p=271"},"modified":"2021-09-23T15:19:37","modified_gmt":"2021-09-23T14:19:37","slug":"nadzywczajne-walne-zebranie-oddzialu-warszawskiego-ptnw","status":"publish","type":"post","link":"http:\/\/warszawa.ptnw.pl\/?p=271","title":{"rendered":"Nadzywczajne Walne Zebranie Oddzia\u0142u Warszawskiego PTNW"},"content":{"rendered":"<p>Szanowni Pa\u0144stwo,<\/p>\n<p>W zwi\u0105zku ze \u015bmierci\u0105 Przewodnicz\u0105cego Oddzia\u0142u, prof. Arkadiusza Orzechowskiego, Sekretarza Oddzia\u0142u, dr Andrzeja Deg\u00f3rskiego, cz\u0142onka Komisji Rewizyjnej, dr hab. Bo\u017ceny Dworeckiej-Kaszak prof. SGGW<\/p>\n<p>oraz w zwi\u0105zku z deklaracj\u0105 dr Micha\u0142a Tracza o rezygnacji z funkcji Skarbnika Oddzia\u0142u,<\/p>\n<p>Zarz\u0105d Oddzia\u0142u Warszawskiego<\/p>\n<p>Polskiego Towarzystwa Nauk Weterynaryjnych zwo\u0142uje<br \/>\n<strong>Nadzwyczajne Walne Zebranie Cz\u0142onk\u00f3w Oddzia\u0142u, <\/strong><br \/>\nkt\u00f3re odb\u0119dzie si\u0119 o godz. 10.00 w dniu 23.09.2021 r. (czwartek)<br \/>\nw sali Rady Dyscypliny Weterynaria, Instytut Medycyny Weterynaryjnej SGGW, budynek 24 im. Prof. W. Bareja, 1 pi\u0119tro, Dziekanat.<\/p>\n<p>Program zebrania:<\/p>\n<ol>\n<li>Sprawy bie\u017c\u0105ce Oddzia\u0142u.<\/li>\n<li>Wybory nowych w\u0142adz Oddzia\u0142u Warszawskiego PTNW:\n<ol>\n<li>Wybory Przewodnicz\u0105cego Oddzia\u0142u,<\/li>\n<li>Wybory Sekretarza Oddzia\u0142u,<\/li>\n<li>Wybory Skarbnika Oddzia\u0142u,<\/li>\n<li>Wybory Cz\u0142onka Komisji Rewizyjnej Oddzia\u0142u.<\/li>\n<\/ol>\n<\/li>\n<\/ol>\n<p>W przypadku braku kworum, wybory odb\u0119d\u0105 si\u0119 w II terminie o godz. 10.15.<\/p>\n<p>Wiceprzewodnicz\u0105cy Oddzia\u0142u<\/p>\n<p>dr hab. Tomasz Sadkowski<\/p>\n<p><img loading=\"lazy\" decoding=\"async\" class=\"wp-image-272 size-large\" src=\"http:\/\/warszawa.ptnw.pl\/wp-content\/uploads\/2021\/09\/Nadzwyczajne-Walne-Zebranie-PTNW-2021-og\u0142oszenie-749x1024.jpg\" alt=\"\" width=\"584\" height=\"798\" srcset=\"http:\/\/warszawa.ptnw.pl\/wp-content\/uploads\/2021\/09\/Nadzwyczajne-Walne-Zebranie-PTNW-2021-og\u0142oszenie-749x1024.jpg 749w, http:\/\/warszawa.ptnw.pl\/wp-content\/uploads\/2021\/09\/Nadzwyczajne-Walne-Zebranie-PTNW-2021-og\u0142oszenie-219x300.jpg 219w, http:\/\/warszawa.ptnw.pl\/wp-content\/uploads\/2021\/09\/Nadzwyczajne-Walne-Zebranie-PTNW-2021-og\u0142oszenie-768x1051.jpg 768w, http:\/\/warszawa.ptnw.pl\/wp-content\/uploads\/2021\/09\/Nadzwyczajne-Walne-Zebranie-PTNW-2021-og\u0142oszenie.jpg 1661w\" sizes=\"auto, (max-width: 584px) 100vw, 584px\" \/><\/p>\n","protected":false},"excerpt":{"rendered":"<p>Szanowni Pa\u0144stwo, W zwi\u0105zku ze \u015bmierci\u0105 Przewodnicz\u0105cego Oddzia\u0142u, prof. Arkadiusza Orzechowskiego, Sekretarza Oddzia\u0142u, dr Andrzeja Deg\u00f3rskiego, cz\u0142onka Komisji Rewizyjnej, dr hab. Bo\u017ceny Dworeckiej-Kaszak prof. SGGW oraz w zwi\u0105zku z deklaracj\u0105 dr Micha\u0142a Tracza o rezygnacji z funkcji Skarbnika Oddzia\u0142u, Zarz\u0105d &hellip; <a href=\"http:\/\/warszawa.ptnw.pl\/?p=271\">Czytaj dalej <span class=\"meta-nav\">&rarr;<\/span><\/a><\/p>\n","protected":false},"author":2,"featured_media":0,"comment_status":"closed","ping_status":"open","sticky":true,"template":"","format":"standard","meta":{"footnotes":""},"categories":[1],"tags":[],"class_list":["post-271","post","type-post","status-publish","format-standard","hentry","category-uncategorized"],"_links":{"self":[{"href":"http:\/\/warszawa.ptnw.pl\/index.php?rest_route=\/wp\/v2\/posts\/271","targetHints":{"allow":["GET"]}}],"collection":[{"href":"http:\/\/warszawa.ptnw.pl\/index.php?rest_route=\/wp\/v2\/posts"}],"about":[{"href":"http:\/\/warszawa.ptnw.pl\/index.php?rest_route=\/wp\/v2\/types\/post"}],"author":[{"embeddable":true,"href":"http:\/\/warszawa.ptnw.pl\/index.php?rest_route=\/wp\/v2\/users\/2"}],"replies":[{"embeddable":true,"href":"http:\/\/warszawa.ptnw.pl\/index.php?rest_route=%2Fwp%2Fv2%2Fcomments&post=271"}],"version-history":[{"count":2,"href":"http:\/\/warszawa.ptnw.pl\/index.php?rest_route=\/wp\/v2\/posts\/271\/revisions"}],"predecessor-version":[{"id":274,"href":"http:\/\/warszawa.ptnw.pl\/index.php?rest_route=\/wp\/v2\/posts\/271\/revisions\/274"}],"wp:attachment":[{"href":"http:\/\/warszawa.ptnw.pl\/index.php?rest_route=%2Fwp%2Fv2%2Fmedia&parent=271"}],"wp:term":[{"taxonomy":"category","embeddable":true,"href":"http:\/\/warszawa.ptnw.pl\/index.php?rest_route=%2Fwp%2Fv2%2Fcategories&post=271"},{"taxonomy":"post_tag","embeddable":true,"href":"http:\/\/warszawa.ptnw.pl\/index.php?rest_route=%2Fwp%2Fv2%2Ftags&post=271"}],"curies":[{"name":"wp","href":"https:\/\/api.w.org\/{rel}","templated":true}]}}