{"id":269,"date":"2021-09-23T15:12:09","date_gmt":"2021-09-23T14:12:09","guid":{"rendered":"http:\/\/warszawa.ptnw.pl\/?p=269"},"modified":"2021-09-23T15:42:37","modified_gmt":"2021-09-23T14:42:37","slug":"nowy-zarzad-oddzialu-warszawskiego-ptnw","status":"publish","type":"post","link":"http:\/\/warszawa.ptnw.pl\/?p=269","title":{"rendered":"Nowy Zarz\u0105d Oddzia\u0142u Warszawskiego PTNW"},"content":{"rendered":"<p>W dniu 23 wrze\u015bnia 2021 r., podczas Nadzwyczajnego Walnego Zebrania Oddzia\u0142u Warszawskiego PTNW wybrano nowych cz\u0142onk\u00f3w zarz\u0105du Oddzia\u0142u:<\/p>\n<p><strong>Przewodnicz\u0105cego Zarz\u0105du &#8211; prof. dr hab. Krzysztofa Anusza,<\/strong><em><br \/>\n<\/em><\/p>\n<p><strong>Sekretarza Zarz\u0105du &#8211; dr Kaj\u0119 Urba\u0144sk\u0105,<\/strong><\/p>\n<p><strong>Skarbnika Zarz\u0105du &#8211; dr hab. Justyn\u0119 Soko\u0142owsk\u0105,<\/strong><\/p>\n<p><strong>Cz\u0142onkini\u0119 Komisji Rewizyjnej Oddzia\u0142u &#8211; dr hab. Ann\u0119 Pyziel-Serafin.<\/strong><\/p>\n<p>Gratulujemy!<\/p>\n<p>&nbsp;<\/p>\n<p>Zmiana w\u0142adz zwi\u0105zana by\u0142a ze \u015bmierci\u0105 w roku 2021 trzech cz\u0142onk\u00f3w Zarz\u0105du:<\/p>\n<p><img loading=\"lazy\" decoding=\"async\" class=\"aligncenter wp-image-279 size-large\" src=\"http:\/\/warszawa.ptnw.pl\/wp-content\/uploads\/2021\/09\/Prezentacja1-1024x576.jpg\" alt=\"\" width=\"584\" height=\"329\" srcset=\"http:\/\/warszawa.ptnw.pl\/wp-content\/uploads\/2021\/09\/Prezentacja1-1024x576.jpg 1024w, http:\/\/warszawa.ptnw.pl\/wp-content\/uploads\/2021\/09\/Prezentacja1-300x169.jpg 300w, http:\/\/warszawa.ptnw.pl\/wp-content\/uploads\/2021\/09\/Prezentacja1-768x432.jpg 768w, http:\/\/warszawa.ptnw.pl\/wp-content\/uploads\/2021\/09\/Prezentacja1-500x281.jpg 500w, http:\/\/warszawa.ptnw.pl\/wp-content\/uploads\/2021\/09\/Prezentacja1.jpg 1280w\" sizes=\"auto, (max-width: 584px) 100vw, 584px\" \/><\/p>\n<p>Cze\u015b\u0107 Ich pami\u0119ci!<\/p>\n","protected":false},"excerpt":{"rendered":"<p>W dniu 23 wrze\u015bnia 2021 r., podczas Nadzwyczajnego Walnego Zebrania Oddzia\u0142u Warszawskiego PTNW wybrano nowych cz\u0142onk\u00f3w zarz\u0105du Oddzia\u0142u: Przewodnicz\u0105cego Zarz\u0105du &#8211; prof. dr hab. Krzysztofa Anusza, Sekretarza Zarz\u0105du &#8211; dr Kaj\u0119 Urba\u0144sk\u0105, Skarbnika Zarz\u0105du &#8211; dr hab. Justyn\u0119 Soko\u0142owsk\u0105, Cz\u0142onkini\u0119 &hellip; <a href=\"http:\/\/warszawa.ptnw.pl\/?p=269\">Czytaj dalej <span class=\"meta-nav\">&rarr;<\/span><\/a><\/p>\n","protected":false},"author":2,"featured_media":0,"comment_status":"closed","ping_status":"open","sticky":true,"template":"","format":"standard","meta":{"footnotes":""},"categories":[1],"tags":[],"class_list":["post-269","post","type-post","status-publish","format-standard","hentry","category-uncategorized"],"_links":{"self":[{"href":"http:\/\/warszawa.ptnw.pl\/index.php?rest_route=\/wp\/v2\/posts\/269","targetHints":{"allow":["GET"]}}],"collection":[{"href":"http:\/\/warszawa.ptnw.pl\/index.php?rest_route=\/wp\/v2\/posts"}],"about":[{"href":"http:\/\/warszawa.ptnw.pl\/index.php?rest_route=\/wp\/v2\/types\/post"}],"author":[{"embeddable":true,"href":"http:\/\/warszawa.ptnw.pl\/index.php?rest_route=\/wp\/v2\/users\/2"}],"replies":[{"embeddable":true,"href":"http:\/\/warszawa.ptnw.pl\/index.php?rest_route=%2Fwp%2Fv2%2Fcomments&post=269"}],"version-history":[{"count":7,"href":"http:\/\/warszawa.ptnw.pl\/index.php?rest_route=\/wp\/v2\/posts\/269\/revisions"}],"predecessor-version":[{"id":282,"href":"http:\/\/warszawa.ptnw.pl\/index.php?rest_route=\/wp\/v2\/posts\/269\/revisions\/282"}],"wp:attachment":[{"href":"http:\/\/warszawa.ptnw.pl\/index.php?rest_route=%2Fwp%2Fv2%2Fmedia&parent=269"}],"wp:term":[{"taxonomy":"category","embeddable":true,"href":"http:\/\/warszawa.ptnw.pl\/index.php?rest_route=%2Fwp%2Fv2%2Fcategories&post=269"},{"taxonomy":"post_tag","embeddable":true,"href":"http:\/\/warszawa.ptnw.pl\/index.php?rest_route=%2Fwp%2Fv2%2Ftags&post=269"}],"curies":[{"name":"wp","href":"https:\/\/api.w.org\/{rel}","templated":true}]}}