{"id":245,"date":"2021-05-31T15:07:30","date_gmt":"2021-05-31T14:07:30","guid":{"rendered":"http:\/\/warszawa.ptnw.pl\/?p=245"},"modified":"2021-08-25T23:23:08","modified_gmt":"2021-08-25T22:23:08","slug":"nekrolog-prof-arkadiusz-orzechowski","status":"publish","type":"post","link":"http:\/\/warszawa.ptnw.pl\/?p=245","title":{"rendered":"Nekrolog &#8211; prof. Arkadiusz Orzechowski"},"content":{"rendered":"<p><strong>Z g\u0142\u0119bokim \u017calem zawiadamiamy, \u017ce w dniu 30 maja 2021 roku zmar\u0142<\/strong><strong><br \/>\n<\/strong><\/p>\n<p><strong>Prof. dr hab. Arkadiusz Orzechowski<\/strong><\/p>\n<p>Nauczyciel akademicki Instytutu Medycyny Weterynaryjnej\u00a0Szko\u0142y G\u0142\u00f3wnej Gospodarstwa Wiejskiego w Warszawie.<br \/>\nZast\u0119pca Dyrektora Instytutu Medycyny Weterynaryjnej ds. Nauki.<br \/>\nWieloletni pracownik Katedry Nauk Fizjologicznych.<br \/>\nD\u0142ugoletni Przewodnicz\u0105cy Warszawskiego Oddzia\u0142u PTNW.<br \/>\nUznany naukowiec, fizjolog, autor licznych publikacji i prac badawczych.<br \/>\nOdznaczony m.in.: Srebrnym Krzy\u017cem Zas\u0142ugi, Medalem Komisji Edukacji Narodowej oraz Medalem Z\u0142otym za D\u0142ugoletni\u0105 S\u0142u\u017cb\u0119.<\/p>\n<p>\u017begnamy zas\u0142u\u017conego pedagoga, promotora i wychowawc\u0119 wielu pokole\u0144 m\u0142odzie\u017cy akademickiej,\u00a0Cz\u0142owieka powszechnie cenionego i szanowanego.<\/p>\n<p><strong>Cze\u015b\u0107 Jego pami\u0119ci!<\/strong><\/p>\n<p><strong>Dyrektor Instytutu Medycyny Weterynaryjnej<br \/>\n<\/strong><strong>Dziekan Wydzia\u0142u Medycyny Weterynaryjnej<br \/>\n<\/strong><strong>Wiceprzewodnicz\u0105cy Oddzia\u0142u Warszawskiego PTNW<br \/>\n<\/strong><strong>Kole\u017canki i Koledzy <\/strong><\/p>\n<p><em>Uroczysto\u015bci pogrzebowe rozpoczn\u0105 si\u0119 dnia 8 czerwca 2021 r. o godz. 13.00 odprowadzeniem od bramy g\u0142\u00f3wnej Cmentarza Komunalnego P\u00f3\u0142nocnego przy ul. W\u00f3ycickiego 14 A., Warszawa.<\/em><\/p>\n<p><em>\u00a0<img loading=\"lazy\" decoding=\"async\" class=\"aligncenter wp-image-246\" src=\"http:\/\/warszawa.ptnw.pl\/wp-content\/uploads\/2021\/06\/Nekrolog-AOrzechowski-PTNW-1024x741.jpg\" alt=\"\" width=\"600\" height=\"434\" srcset=\"http:\/\/warszawa.ptnw.pl\/wp-content\/uploads\/2021\/06\/Nekrolog-AOrzechowski-PTNW-1024x741.jpg 1024w, http:\/\/warszawa.ptnw.pl\/wp-content\/uploads\/2021\/06\/Nekrolog-AOrzechowski-PTNW-300x217.jpg 300w, http:\/\/warszawa.ptnw.pl\/wp-content\/uploads\/2021\/06\/Nekrolog-AOrzechowski-PTNW-768x556.jpg 768w, http:\/\/warszawa.ptnw.pl\/wp-content\/uploads\/2021\/06\/Nekrolog-AOrzechowski-PTNW-415x300.jpg 415w\" sizes=\"auto, (max-width: 600px) 100vw, 600px\" \/><\/em><\/p>\n","protected":false},"excerpt":{"rendered":"<p>Z g\u0142\u0119bokim \u017calem zawiadamiamy, \u017ce w dniu 30 maja 2021 roku zmar\u0142 Prof. dr hab. Arkadiusz Orzechowski Nauczyciel akademicki Instytutu Medycyny Weterynaryjnej\u00a0Szko\u0142y G\u0142\u00f3wnej Gospodarstwa Wiejskiego w Warszawie. Zast\u0119pca Dyrektora Instytutu Medycyny Weterynaryjnej ds. Nauki. Wieloletni pracownik Katedry Nauk Fizjologicznych. D\u0142ugoletni &hellip; <a href=\"http:\/\/warszawa.ptnw.pl\/?p=245\">Czytaj dalej <span class=\"meta-nav\">&rarr;<\/span><\/a><\/p>\n","protected":false},"author":2,"featured_media":0,"comment_status":"closed","ping_status":"open","sticky":true,"template":"","format":"standard","meta":{"footnotes":""},"categories":[1],"tags":[],"class_list":["post-245","post","type-post","status-publish","format-standard","hentry","category-uncategorized"],"_links":{"self":[{"href":"http:\/\/warszawa.ptnw.pl\/index.php?rest_route=\/wp\/v2\/posts\/245","targetHints":{"allow":["GET"]}}],"collection":[{"href":"http:\/\/warszawa.ptnw.pl\/index.php?rest_route=\/wp\/v2\/posts"}],"about":[{"href":"http:\/\/warszawa.ptnw.pl\/index.php?rest_route=\/wp\/v2\/types\/post"}],"author":[{"embeddable":true,"href":"http:\/\/warszawa.ptnw.pl\/index.php?rest_route=\/wp\/v2\/users\/2"}],"replies":[{"embeddable":true,"href":"http:\/\/warszawa.ptnw.pl\/index.php?rest_route=%2Fwp%2Fv2%2Fcomments&post=245"}],"version-history":[{"count":2,"href":"http:\/\/warszawa.ptnw.pl\/index.php?rest_route=\/wp\/v2\/posts\/245\/revisions"}],"predecessor-version":[{"id":248,"href":"http:\/\/warszawa.ptnw.pl\/index.php?rest_route=\/wp\/v2\/posts\/245\/revisions\/248"}],"wp:attachment":[{"href":"http:\/\/warszawa.ptnw.pl\/index.php?rest_route=%2Fwp%2Fv2%2Fmedia&parent=245"}],"wp:term":[{"taxonomy":"category","embeddable":true,"href":"http:\/\/warszawa.ptnw.pl\/index.php?rest_route=%2Fwp%2Fv2%2Fcategories&post=245"},{"taxonomy":"post_tag","embeddable":true,"href":"http:\/\/warszawa.ptnw.pl\/index.php?rest_route=%2Fwp%2Fv2%2Ftags&post=245"}],"curies":[{"name":"wp","href":"https:\/\/api.w.org\/{rel}","templated":true}]}}